{"id":1641,"date":"2015-03-31T16:48:40","date_gmt":"2015-03-31T14:48:40","guid":{"rendered":"http:\/\/mapeadventures.luckyweb.ch\/?p=1641"},"modified":"2015-04-26T10:03:13","modified_gmt":"2015-04-26T08:03:13","slug":"von-taranto-nach-rimini","status":"publish","type":"post","link":"https:\/\/mapeadventures.ch\/?p=1641","title":{"rendered":"Von Taranto nach Rimini"},"content":{"rendered":"<p>\t<div class='ngg-imagebrowser default-view'\n\t\tid='ngg-imagebrowser-37b62a8ecf472459bf95de628d6bf54f-1641'\n\t\tdata-nextgen-gallery-id=\"72\"\n\t\tdata-gallery-id=\"72\"\n\t\t\t\tdata-gallery-name=\"Italien\"\n\t\t>\n\n\t\t<h3>Unsere Velotour in Italien<\/h3>\n\n\t\t<div id=\"ngg-image-0\" class=\"pic\" \n\t\t\t\t\t>\n\t\t\t\t<a href='https:\/\/mapeadventures.ch\/wp-content\/gallery\/italien\/italien_ausschnitt.jpg?t=1554518716'\n\t\t\ttitle=' '\n\t\t\tdata-src=\"https:\/\/mapeadventures.ch\/wp-content\/gallery\/italien\/italien_ausschnitt.jpg?t=1554518716\"\n\t\t\tdata-thumbnail=\"https:\/\/mapeadventures.ch\/wp-content\/gallery\/italien\/thumbs\/thumbs_italien_ausschnitt.jpg?t=1554518716\"\n\t\t\tdata-image-id=\"904\"\n\t\t\tdata-image-name=\"italien_ausschnitt.jpg\"\n\t\t\tdata-title=\"Unsere Velotour in Italien\"\n\t\t\tdata-description=\" \"\n\t\t\t\t\t\t\t\t\t\t\t\t\t\t\tclass=\"ngg-fancybox\" rel=\"37b62a8ecf472459bf95de628d6bf54f\">\n\t\t\t\t\t\t<img title='Unsere Velotour in Italien'\n\t\t\t\talt='Unsere Velotour in Italien'\n\t\t\t\tsrc='https:\/\/mapeadventures.ch\/wp-content\/gallery\/italien\/italien_ausschnitt.jpg?t=1554518716'\/>\n\t\t<\/a>\n\n\t\t<\/div>\n\t\t<div class='ngg-imagebrowser-nav'>\n\n\t\t\t<div class='back'>\n\t\t\t\t<a class='ngg-browser-prev'\n\t\t\t\t\tid='ngg-prev-921'\n\t\t\t\t\thref='https:\/\/mapeadventures.ch\/index.php\/nggallery\/image\/pict0060-jpg?p=1641'>\n\t\t\t\t\t<i class=\"fa fa-chevron-left\" aria-hidden=\"true\"><\/i>\n\t\t\t\t<\/a>\n\t\t\t<\/div>\n\n\t\t\t<div class='next'>\n\t\t\t\t<a class='ngg-browser-next'\n\t\t\t\t\tid='ngg-next-910'\n\t\t\t\t\thref='https:\/\/mapeadventures.ch\/index.php\/nggallery\/image\/pict0003-jpg?p=1641'>\n\t\t\t\t\t<i class=\"fa fa-chevron-right\" aria-hidden=\"true\"><\/i>\n\t\t\t\t<\/a>\n\t\t\t<\/div>\n\n\t\t\t<div class='counter'>\n\t\t\t\tBild\t\t\t\t1\t\t\t\tvon\t\t\t\t36\t\t\t<\/div>\n\n\t\t<\/div>\n\n\t\t<div class='ngg-imagebrowser-desc'>\n\t\t\t<p> <\/p>\n\t\t<\/div>\n\n\t<\/div>\t\t<\/div>\n\t<\/div>\n<\/p>\n<table class=\"alignleft\" border=\"1\" width=\"1055\" cellspacing=\"0\" cellpadding=\"0\">\n<caption>\u00a0<\/caption>\n<tbody>\n<tr>\n<td style=\"width: 45px;\" width=\"45\">Datum<\/td>\n<td width=\"120\">Wetter<\/td>\n<td style=\"width: 600px;\" width=\"665\">Erlebnisse<\/td>\n<td width=\"90\">Startort<\/td>\n<td width=\"90\">Zielort<\/td>\n<td width=\"45\">Anz. km<\/td>\n<\/tr>\n<tr>\n<td style=\"width: 45px;\" width=\"45\">15.07.<\/td>\n<td width=\"120\">sch\u00f6n warm, wolkenlos<\/td>\n<td style=\"width: 600px;\" width=\"570\">Wir fuhren mit einem Kastenwagen mit unseren Velos hinten drin am Freitagabend, 14. Juli, um ca. 22 Uhr von zu Hause weg und erreichten Taranto um ca. 16.30 Uhr am Samstag.<\/td>\n<td width=\"90\">Neuenkirch<\/td>\n<td width=\"90\">Taranto<\/td>\n<td width=\"45\"><\/td>\n<\/tr>\n<tr>\n<td width=\"45\">16.07.<\/td>\n<td width=\"665\">sch\u00f6n warm und strahlend blauer Himmel, ebenso strahlend blau das Meer<\/td>\n<td style=\"width: 600px;\" width=\"570\">Abwechslungsreiche, aber schweisstreibende Fahrt vorwiegend der K\u00fcste entlang. Ein Bad im nahen Golf von Tarent verschaffte eine willkommene Abk\u00fchlung. Am Ziel wurden wir von einem Einheimischen mit dem Auto in eine gute Pizzeria mitgenommen.<\/td>\n<td width=\"90\">Taranto<\/td>\n<td width=\"90\">Porto Cesareo<\/td>\n<td width=\"45\">ca. 80<\/td>\n<\/tr>\n<tr>\n<td width=\"45\">17.07.<\/td>\n<td width=\"113\">blauer Himmel, heiss<\/td>\n<td style=\"width: 600px;\" width=\"310\">Auch heute ging es immer der K\u00fcste entlang mit traumhaft einsamen Str\u00e4nden und wundersch\u00f6nen St\u00e4dtchen (Sant. Caterina, Gallipoli).<\/td>\n<td width=\"87\">Porto Cesareo<\/td>\n<td width=\"74\">Marina di Leuca<\/td>\n<td width=\"47\">ca. 80<\/td>\n<\/tr>\n<tr>\n<td width=\"50\">18.07.<\/td>\n<td width=\"113\">wundersch\u00f6n, heiss, Gegenwind w\u00e4hrend des ganzen Tages<\/td>\n<td style=\"width: 600px;\" width=\"310\">Da galt es, einige Steigungen zu \u00fcberwinden. Daf\u00fcr wurden wir mit atemberaubenden Ausblicken auf die K\u00fcste belohnt.<\/td>\n<td width=\"87\">Marina di Leuca<\/td>\n<td width=\"74\">Otranto<\/td>\n<td width=\"47\">ca. 50<\/td>\n<\/tr>\n<tr>\n<td width=\"50\">19.07.<\/td>\n<td width=\"113\">wundersch\u00f6n, heiss, oft Gegenwind<\/td>\n<td style=\"width: 600px;\" width=\"310\">Die Strassenborde und oft auch die Felder waren abgebrannt oder brannten vereinzelt noch. In Brindisi schnitt mir der Coiffeur die Haare sch\u00f6n kurz.<\/td>\n<td width=\"87\">Otranto<\/td>\n<td width=\"74\">Brindisi<\/td>\n<td width=\"47\">ca. 90<\/td>\n<\/tr>\n<tr>\n<td width=\"50\">20.07.<\/td>\n<td width=\"113\">Wieder einmal sch\u00f6n und heiss<\/td>\n<td style=\"width: 600px;\" width=\"310\">Um die Hauptstrasse und den Verkehr um Bari zu meiden, w\u00e4hlten wir heute den Zug als Fortbewegungsmittel und verluden unsere Fahrr\u00e4der, nicht immer zur Freude der Zugbegleiter.<\/td>\n<td width=\"87\">Brindisi<\/td>\n<td width=\"74\">Trani<\/td>\n<td width=\"47\"><\/td>\n<\/tr>\n<tr>\n<td width=\"50\">21.07.<\/td>\n<td width=\"113\">wie gewohnt sch\u00f6n, heiss und schweisstreibend<\/td>\n<td style=\"width: 600px;\" width=\"310\">Ein Schiff rund um den Gargano, wie es auf der Karte eingezeichnet ist und wie wir es uns w\u00fcnschten, gibt es nicht. Die Entt\u00e4uschung spez. bei Margrit ist gross.<\/td>\n<td width=\"87\">Trani<\/td>\n<td width=\"74\">Manfre\u00addonia<\/td>\n<td width=\"47\">ca. 80<\/td>\n<\/tr>\n<tr>\n<td width=\"50\">22.07.<\/td>\n<td width=\"113\">heiss \u2026 heiss \u2026 heiss und wolkenlos<\/td>\n<td style=\"width: 600px;\" width=\"310\">Eigentlich wollten wir noch einen Abstecher Richtung Gargano machen, aber da war in San Severo nichts zu machen, da die Bahnlinie nach Rodi Garganico unterbrochen war.<\/td>\n<td width=\"87\">Manfredonia<\/td>\n<td width=\"74\">Lesina<\/td>\n<td width=\"47\">ca. 55<\/td>\n<\/tr>\n<tr>\n<td width=\"50\">23.07.<\/td>\n<td width=\"113\">immer noch heiss und sch\u00f6n<\/td>\n<td style=\"width: 600px;\" width=\"310\">Wieder ging es zuerst durch Tomatenfelder und sogar einem Basilikumfeld entlang. Am Abend machten wir einen Ausflug nach Vasto, das hoch \u00fcber der K\u00fcste thront, und besuchten dort den Markt.<\/td>\n<td width=\"87\">Lesina<\/td>\n<td width=\"74\">Marina di Vasto<\/td>\n<td width=\"47\">ca. 75<\/td>\n<\/tr>\n<tr>\n<td width=\"50\">24.07.<\/td>\n<td width=\"113\">wieder heiss und trocken<\/td>\n<td style=\"width: 600px;\" width=\"310\">Ab hier fuhren wir wieder \u00f6fters der Adriak\u00fcste entlang. Am Abend erlebten wir ein kurzes Gewitter, das etwas Abk\u00fchlung brachte.<\/td>\n<td width=\"87\">Marina di Vasto<\/td>\n<td width=\"74\">Silvi Marina<\/td>\n<td width=\"47\">ca. 80<\/td>\n<\/tr>\n<tr>\n<td width=\"50\">25.07.<\/td>\n<td width=\"113\">Wie soll es denn sein? Wieder heiss und sch\u00f6n<\/td>\n<td style=\"width: 600px;\" width=\"310\">Auf dieser Etappe fanden wir wundersch\u00f6ne Radwege entlang der K\u00fcste vor. Da war Radfahren wirklich ein Plausch.<\/td>\n<td width=\"87\">Silvi Marina<\/td>\n<td width=\"74\">Porto San Giorgio<\/td>\n<td width=\"47\">ca. 80<\/td>\n<\/tr>\n<tr>\n<td width=\"50\">26.07.<\/td>\n<td width=\"113\">Wie soll&#8217;s denn sein?<\/td>\n<td style=\"width: 600px;\" width=\"310\">Wir hofften fest darauf, dass wir ein Schiff Richtung Norden finden. Da sich dieser Wunsch nicht erf\u00fcllte, nahmen wir von Porto Recanati bis Ancona den Zug, da wir bei den herrschenden klimatischen Bedingungen vor Bergfahrten zur\u00fcckschreckten.<\/td>\n<td width=\"87\">Porto San Giorgio<\/td>\n<td width=\"74\">Senigallia<\/td>\n<td width=\"47\">ca. 60<\/td>\n<\/tr>\n<tr>\n<td width=\"50\">27.07.<\/td>\n<td width=\"113\">Immer noch gleich<\/td>\n<td style=\"width: 600px;\" width=\"310\">Heute stand uns eine Etappe durch den h\u00fcgeligen Naturpark von Monte San Bartolo bevor. Wir genossen einen pr\u00e4chtigen Ausblick auf die K\u00fcste. Aber es war hart.<\/td>\n<td width=\"87\">Senigallia<\/td>\n<td width=\"74\">Misano Adriatico<\/td>\n<td width=\"47\">ca. 60<\/td>\n<\/tr>\n<tr>\n<td width=\"50\">28.07.<\/td>\n<td width=\"113\">wie \u00fcblich<\/td>\n<td style=\"width: 600px;\" width=\"310\">Heute machten wir nur noch rund 20 km mit dem Velo. Und dann fuhren wir mit einem Bus nach San Marino.<\/td>\n<td width=\"87\">Misano Adriatico<\/td>\n<td width=\"74\">Rimini<\/td>\n<td width=\"47\">ca. 20<\/td>\n<\/tr>\n<tr>\n<td width=\"50\">29.07.<\/td>\n<td width=\"113\">wie gehabt<\/td>\n<td style=\"width: 600px;\" width=\"310\">Mit dem Zug fuhren wir in Etappen nach Luzern und anschliessend\u00a0mit dem Velo nach Neuenkirch. Abenteuerlich war der Bahnhofwechsel in Milano, wo wir nicht ab Milano C. direkt nach Chiasso fahren konnten.<\/td>\n<td width=\"87\">Rimini<\/td>\n<td width=\"74\">Neuenkirch<\/td>\n<td width=\"47\">10<\/td>\n<\/tr>\n<\/tbody>\n<\/table>\n<table style=\"height: 10px;\">\n<tbody>\n<tr>\n<td><\/td>\n<\/tr>\n<\/tbody>\n<\/table>\n","protected":false},"excerpt":{"rendered":"<p>Unsere Velotour in Italien Bild 1 von 36 \u00a0 Datum Wetter Erlebnisse Startort Zielort Anz. km 15.07. sch\u00f6n warm, wolkenlos Wir fuhren mit einem Kastenwagen mit unseren Velos hinten drin am Freitagabend, 14. Juli, um ca. 22 Uhr von zu Hause weg und erreichten Taranto um ca. 16.30 Uhr am Samstag. Neuenkirch Taranto 16.07. sch\u00f6n<\/p>\n","protected":false},"author":1,"featured_media":0,"comment_status":"open","ping_status":"closed","sticky":false,"template":"","format":"standard","meta":{"ngg_post_thumbnail":0,"footnotes":"","_links_to":"","_links_to_target":""},"categories":[83],"tags":[86,87,84,85],"class_list":["post-1641","post","type-post","status-publish","format-standard","hentry","category-von-taranto-nach-rimini","tag-adria","tag-radreise-italien","tag-taranto","tag-tarent"],"_links":{"self":[{"href":"https:\/\/mapeadventures.ch\/index.php?rest_route=\/wp\/v2\/posts\/1641","targetHints":{"allow":["GET"]}}],"collection":[{"href":"https:\/\/mapeadventures.ch\/index.php?rest_route=\/wp\/v2\/posts"}],"about":[{"href":"https:\/\/mapeadventures.ch\/index.php?rest_route=\/wp\/v2\/types\/post"}],"author":[{"embeddable":true,"href":"https:\/\/mapeadventures.ch\/index.php?rest_route=\/wp\/v2\/users\/1"}],"replies":[{"embeddable":true,"href":"https:\/\/mapeadventures.ch\/index.php?rest_route=%2Fwp%2Fv2%2Fcomments&post=1641"}],"version-history":[{"count":30,"href":"https:\/\/mapeadventures.ch\/index.php?rest_route=\/wp\/v2\/posts\/1641\/revisions"}],"predecessor-version":[{"id":1753,"href":"https:\/\/mapeadventures.ch\/index.php?rest_route=\/wp\/v2\/posts\/1641\/revisions\/1753"}],"wp:attachment":[{"href":"https:\/\/mapeadventures.ch\/index.php?rest_route=%2Fwp%2Fv2%2Fmedia&parent=1641"}],"wp:term":[{"taxonomy":"category","embeddable":true,"href":"https:\/\/mapeadventures.ch\/index.php?rest_route=%2Fwp%2Fv2%2Fcategories&post=1641"},{"taxonomy":"post_tag","embeddable":true,"href":"https:\/\/mapeadventures.ch\/index.php?rest_route=%2Fwp%2Fv2%2Ftags&post=1641"}],"curies":[{"name":"wp","href":"https:\/\/api.w.org\/{rel}","templated":true}]}}