{"id":1767,"date":"2015-06-29T17:43:35","date_gmt":"2015-06-29T15:43:35","guid":{"rendered":"http:\/\/mapeadventures.luckyweb.ch\/?p=1767"},"modified":"2015-06-29T17:43:35","modified_gmt":"2015-06-29T15:43:35","slug":"veloreise-nach-bruessel","status":"publish","type":"post","link":"https:\/\/mapeadventures.ch\/?p=1767","title":{"rendered":"Veloreise nach Br\u00fcssel"},"content":{"rendered":"<p><strong>Freitag, 5. Juni 2015:<\/strong> (Sempach-Neuenkirch) \u2013 Basel \u2013 Sasbach (82 Velo-km)<\/p>\n<p>\n<div class=\"ngg-galleryoverview ngg-slideshow\"\n\tid=\"ngg-slideshow-d4f40c277d79c061fdeba0d97d9305bf-2256169800\"\n\tdata-nextgen-gallery-id=\"73\"\n\tdata-gallery-id=\"d4f40c277d79c061fdeba0d97d9305bf\"\n\t\tdata-gallery-name=\"br\u00fcssel01\"\n\t\tstyle=\"max-width: 640px;\n\t\t\tmax-height: 480px;\n\t\t\tdisplay: none;\">\n\n\t\n\t\t<a href=\"https:\/\/mapeadventures.ch\/wp-content\/gallery\/bruessel01\/01DSC00699.jpg?t=1560917143\"\n\t\t\ttitle=\"Der Rhein bei der Isteiner Schwelle\"\n\t\t\tdata-src=\"https:\/\/mapeadventures.ch\/wp-content\/gallery\/bruessel01\/01DSC00699.jpg?t=1560917143\"\n\t\t\tdata-thumbnail=\"https:\/\/mapeadventures.ch\/wp-content\/gallery\/bruessel01\/thumbs\/thumbs_01DSC00699.jpg?t=1560917143\"\n\t\t\tdata-image-id=\"922\"\n\t\t\tdata-image-name=\"01DSC00699.jpg\"\n\t\t\tdata-title=\"01DSC00699\"\n\t\t\tdata-description=\"Der Rhein bei der Isteiner Schwelle\"\n\t\t\t\t\t\t\t\t\t\t\t\t\t\t\tclass=\"ngg-fancybox\" rel=\"d4f40c277d79c061fdeba0d97d9305bf\">\n\t\t\t\n\t\t\t<img data-image-id='922'\n\t\t\t\ttitle=\"Der Rhein bei der Isteiner Schwelle\"\n\t\t\t\talt=\"01DSC00699\"\n\t\t\t\tsrc=\"https:\/\/mapeadventures.ch\/wp-content\/gallery\/bruessel01\/01DSC00699.jpg?t=1560917143\"\n\t\t\t\tstyle=\"max-height: 460px;\"\/>\n\t\t<\/a>\n\n\t\t\n\t\t<a href=\"https:\/\/mapeadventures.ch\/wp-content\/gallery\/bruessel01\/01DSC00701.jpg?t=1435577142\"\n\t\t\ttitle=\"Unsere Fahrr\u00e4der\"\n\t\t\tdata-src=\"https:\/\/mapeadventures.ch\/wp-content\/gallery\/bruessel01\/01DSC00701.jpg?t=1435577142\"\n\t\t\tdata-thumbnail=\"https:\/\/mapeadventures.ch\/wp-content\/gallery\/bruessel01\/thumbs\/thumbs_01DSC00701.jpg?t=1435577142\"\n\t\t\tdata-image-id=\"923\"\n\t\t\tdata-image-name=\"01DSC00701.jpg\"\n\t\t\tdata-title=\"01DSC00701\"\n\t\t\tdata-description=\"Unsere Fahrr\u00e4der\"\n\t\t\t\t\t\t\t\t\t\t\t\t\t\t\tclass=\"ngg-fancybox\" rel=\"d4f40c277d79c061fdeba0d97d9305bf\">\n\t\t\t\n\t\t\t<img data-image-id='923'\n\t\t\t\ttitle=\"Unsere Fahrr\u00e4der\"\n\t\t\t\talt=\"01DSC00701\"\n\t\t\t\tsrc=\"https:\/\/mapeadventures.ch\/wp-content\/gallery\/bruessel01\/01DSC00701.jpg?t=1435577142\"\n\t\t\t\tstyle=\"max-height: 460px;\"\/>\n\t\t<\/a>\n\n\t\t\n\t\t<a href=\"https:\/\/mapeadventures.ch\/wp-content\/gallery\/bruessel01\/01DSC00703.jpg?t=1435577142\"\n\t\t\ttitle=\"Ein Knabenkraut am Weg\"\n\t\t\tdata-src=\"https:\/\/mapeadventures.ch\/wp-content\/gallery\/bruessel01\/01DSC00703.jpg?t=1435577142\"\n\t\t\tdata-thumbnail=\"https:\/\/mapeadventures.ch\/wp-content\/gallery\/bruessel01\/thumbs\/thumbs_01DSC00703.jpg?t=1435577142\"\n\t\t\tdata-image-id=\"924\"\n\t\t\tdata-image-name=\"01DSC00703.jpg\"\n\t\t\tdata-title=\"01DSC00703\"\n\t\t\tdata-description=\"Ein Knabenkraut am Weg\"\n\t\t\t\t\t\t\t\t\t\t\t\t\t\t\tclass=\"ngg-fancybox\" rel=\"d4f40c277d79c061fdeba0d97d9305bf\">\n\t\t\t\n\t\t\t<img data-image-id='924'\n\t\t\t\ttitle=\"Ein Knabenkraut am Weg\"\n\t\t\t\talt=\"01DSC00703\"\n\t\t\t\tsrc=\"https:\/\/mapeadventures.ch\/wp-content\/gallery\/bruessel01\/01DSC00703.jpg?t=1435577142\"\n\t\t\t\tstyle=\"max-height: 460px;\"\/>\n\t\t<\/a>\n\n\t\t\n\t\t<a href=\"https:\/\/mapeadventures.ch\/wp-content\/gallery\/bruessel01\/01DSC00704.jpg?t=1435577142\"\n\t\t\ttitle=\"Einer der malerischen Weiher am rechten Rheinufer\"\n\t\t\tdata-src=\"https:\/\/mapeadventures.ch\/wp-content\/gallery\/bruessel01\/01DSC00704.jpg?t=1435577142\"\n\t\t\tdata-thumbnail=\"https:\/\/mapeadventures.ch\/wp-content\/gallery\/bruessel01\/thumbs\/thumbs_01DSC00704.jpg?t=1435577142\"\n\t\t\tdata-image-id=\"925\"\n\t\t\tdata-image-name=\"01DSC00704.jpg\"\n\t\t\tdata-title=\"01DSC00704\"\n\t\t\tdata-description=\"Einer der malerischen Weiher am rechten Rheinufer\"\n\t\t\t\t\t\t\t\t\t\t\t\t\t\t\tclass=\"ngg-fancybox\" rel=\"d4f40c277d79c061fdeba0d97d9305bf\">\n\t\t\t\n\t\t\t<img data-image-id='925'\n\t\t\t\ttitle=\"Einer der malerischen Weiher am rechten Rheinufer\"\n\t\t\t\talt=\"01DSC00704\"\n\t\t\t\tsrc=\"https:\/\/mapeadventures.ch\/wp-content\/gallery\/bruessel01\/01DSC00704.jpg?t=1435577142\"\n\t\t\t\tstyle=\"max-height: 460px;\"\/>\n\t\t<\/a>\n\n\t\t<\/div>\n\n\t\t<!-- Thumbnails Link -->\n\t<div class=\"slideshowlink\" style=\"max-width: 640px;\">\n\t\t<a href='https:\/\/mapeadventures.ch\/index.php\/nggallery\/thumbnails?p=1767'>[Show picture list]<\/a>\n\t<\/div>\n\n<\/p>\n<p>Erst nach dem werkt\u00e4glichen Morgenrush besteigen wir mit unseren vollbepackten Velos die S-Bahn nach Sursee und steigen da in den Interregiozug nach Basel.<br \/>\nMit den ungewohnt schweren Fahrr\u00e4dern schaffen wir\u2019s, durch den Stadtverkehr auf die rechte Rheinseite zu gelangen. Der erste Abschnitt dem Rhein entlang bis in die Gegend des Rheinhafens ist gem\u00fctlich zu fahren. Der n\u00e4chste Abschnitt \u00fcber den Zoll und durch Weil am Rhein f\u00fchrt entlang stark befahrener Stra\u00dfen und \u00fcber Umleitungen. Aber dann ist endlich der Rheinradweg erreicht. Zu Beginn gibt\u2019s auch da noch Umleitungen, aber dann k\u00f6nnen wir weite Strecken auf dem gut befahrbaren Damm zur\u00fccklegen. In den W\u00e4ldern und an den R\u00e4ndern sind unz\u00e4hlige V\u00f6gel wie Amseln, M\u00f6nchsgrasm\u00fccken, Zaunk\u00f6nige und viele andere am Konzertieren. Zwischendurch ist auch mal eine Nachtigall zu h\u00f6ren. Im Wasser schwimmen stolze Schw\u00e4ne, viele Stockenten, Bl\u00e4ssh\u00fchner und zwischendurch eine Pfeifente und ein Kanadag\u00e4nsepaar. Und hei\u00df ist es. Uns l\u00e4uft der Schwei\u00df nur so herunter.<br \/>\nProblemlos erreichen wir unser am Morgen gestecktes Ziel, Sasbach, und finden im Gasthaus Engel eine tipptoppe Unterkunft, eine erfrischende Dusche, ein k\u00fchles Bier und ein Wei\u00dfweinschorle.<\/p>\n<p>&nbsp;<\/p>\n<p><strong>Samstag, 6. Juni 2015: <\/strong>Sasbach \u2013 Freistett (92 km)<\/p>\n<p>\n<div class=\"ngg-galleryoverview ngg-slideshow\"\n\tid=\"ngg-slideshow-090dc42df436369909772e43f938cd76-6848115760\"\n\tdata-nextgen-gallery-id=\"74\"\n\tdata-gallery-id=\"090dc42df436369909772e43f938cd76\"\n\t\tdata-gallery-name=\"br\u00fcssel02\"\n\t\tstyle=\"max-width: 640px;\n\t\t\tmax-height: 489px;\n\t\t\tdisplay: none;\">\n\n\t\n\t\t<a href=\"https:\/\/mapeadventures.ch\/wp-content\/gallery\/bruessel02\/02DSC00706.jpg?t=1493073458\"\n\t\t\ttitle=\"Ein Auenwaldgew\u00e4sser am rechten Rheinufer\"\n\t\t\tdata-src=\"https:\/\/mapeadventures.ch\/wp-content\/gallery\/bruessel02\/02DSC00706.jpg?t=1493073458\"\n\t\t\tdata-thumbnail=\"https:\/\/mapeadventures.ch\/wp-content\/gallery\/bruessel02\/thumbs\/thumbs_02DSC00706.jpg?t=1493073458\"\n\t\t\tdata-image-id=\"926\"\n\t\t\tdata-image-name=\"02DSC00706.jpg\"\n\t\t\tdata-title=\"02DSC00706\"\n\t\t\tdata-description=\"Ein Auenwaldgew\u00e4sser am rechten Rheinufer\"\n\t\t\t\t\t\t\t\t\t\t\t\t\t\t\tclass=\"ngg-fancybox\" rel=\"090dc42df436369909772e43f938cd76\">\n\t\t\t\n\t\t\t<img data-image-id='926'\n\t\t\t\ttitle=\"Ein Auenwaldgew\u00e4sser am rechten Rheinufer\"\n\t\t\t\talt=\"02DSC00706\"\n\t\t\t\tsrc=\"https:\/\/mapeadventures.ch\/wp-content\/gallery\/bruessel02\/02DSC00706.jpg?t=1493073458\"\n\t\t\t\tstyle=\"max-height: 469px;\"\/>\n\t\t<\/a>\n\n\t\t\n\t\t<a href=\"https:\/\/mapeadventures.ch\/wp-content\/gallery\/bruessel02\/02DSC00708.jpg?t=1435578015\"\n\t\t\ttitle=\"Eingangsbereich des Vergn\u00fcgungsparks in Rust\"\n\t\t\tdata-src=\"https:\/\/mapeadventures.ch\/wp-content\/gallery\/bruessel02\/02DSC00708.jpg?t=1435578015\"\n\t\t\tdata-thumbnail=\"https:\/\/mapeadventures.ch\/wp-content\/gallery\/bruessel02\/thumbs\/thumbs_02DSC00708.jpg?t=1435578015\"\n\t\t\tdata-image-id=\"927\"\n\t\t\tdata-image-name=\"02DSC00708.jpg\"\n\t\t\tdata-title=\"02DSC00708\"\n\t\t\tdata-description=\"Eingangsbereich des Vergn\u00fcgungsparks in Rust\"\n\t\t\t\t\t\t\t\t\t\t\t\t\t\t\tclass=\"ngg-fancybox\" rel=\"090dc42df436369909772e43f938cd76\">\n\t\t\t\n\t\t\t<img data-image-id='927'\n\t\t\t\ttitle=\"Eingangsbereich des Vergn\u00fcgungsparks in Rust\"\n\t\t\t\talt=\"02DSC00708\"\n\t\t\t\tsrc=\"https:\/\/mapeadventures.ch\/wp-content\/gallery\/bruessel02\/02DSC00708.jpg?t=1435578015\"\n\t\t\t\tstyle=\"max-height: 469px;\"\/>\n\t\t<\/a>\n\n\t\t\n\t\t<a href=\"https:\/\/mapeadventures.ch\/wp-content\/gallery\/bruessel02\/02DSC00714.jpg?t=1435578015\"\n\t\t\ttitle=\"Der Baggersee bei Kappel l\u00e4dt zum Bade\"\n\t\t\tdata-src=\"https:\/\/mapeadventures.ch\/wp-content\/gallery\/bruessel02\/02DSC00714.jpg?t=1435578015\"\n\t\t\tdata-thumbnail=\"https:\/\/mapeadventures.ch\/wp-content\/gallery\/bruessel02\/thumbs\/thumbs_02DSC00714.jpg?t=1435578015\"\n\t\t\tdata-image-id=\"928\"\n\t\t\tdata-image-name=\"02DSC00714.jpg\"\n\t\t\tdata-title=\"02DSC00714\"\n\t\t\tdata-description=\"Der Baggersee bei Kappel l\u00e4dt zum Bade\"\n\t\t\t\t\t\t\t\t\t\t\t\t\t\t\tclass=\"ngg-fancybox\" rel=\"090dc42df436369909772e43f938cd76\">\n\t\t\t\n\t\t\t<img data-image-id='928'\n\t\t\t\ttitle=\"Der Baggersee bei Kappel l\u00e4dt zum Bade\"\n\t\t\t\talt=\"02DSC00714\"\n\t\t\t\tsrc=\"https:\/\/mapeadventures.ch\/wp-content\/gallery\/bruessel02\/02DSC00714.jpg?t=1435578015\"\n\t\t\t\tstyle=\"max-height: 469px;\"\/>\n\t\t<\/a>\n\n\t\t\n\t\t<a href=\"https:\/\/mapeadventures.ch\/wp-content\/gallery\/bruessel02\/02DSC00717.jpg?t=1435578015\"\n\t\t\ttitle=\"Radweg auf dem Rheindamm\"\n\t\t\tdata-src=\"https:\/\/mapeadventures.ch\/wp-content\/gallery\/bruessel02\/02DSC00717.jpg?t=1435578015\"\n\t\t\tdata-thumbnail=\"https:\/\/mapeadventures.ch\/wp-content\/gallery\/bruessel02\/thumbs\/thumbs_02DSC00717.jpg?t=1435578015\"\n\t\t\tdata-image-id=\"929\"\n\t\t\tdata-image-name=\"02DSC00717.jpg\"\n\t\t\tdata-title=\"02DSC00717\"\n\t\t\tdata-description=\"Radweg auf dem Rheindamm\"\n\t\t\t\t\t\t\t\t\t\t\t\t\t\t\tclass=\"ngg-fancybox\" rel=\"090dc42df436369909772e43f938cd76\">\n\t\t\t\n\t\t\t<img data-image-id='929'\n\t\t\t\ttitle=\"Radweg auf dem Rheindamm\"\n\t\t\t\talt=\"02DSC00717\"\n\t\t\t\tsrc=\"https:\/\/mapeadventures.ch\/wp-content\/gallery\/bruessel02\/02DSC00717.jpg?t=1435578015\"\n\t\t\t\tstyle=\"max-height: 469px;\"\/>\n\t\t<\/a>\n\n\t\t\n\t\t<a href=\"https:\/\/mapeadventures.ch\/wp-content\/gallery\/bruessel02\/02DSC00718.jpg?t=1435578015\"\n\t\t\ttitle=\"Romantischer Rastplatz bei Meissenheim\"\n\t\t\tdata-src=\"https:\/\/mapeadventures.ch\/wp-content\/gallery\/bruessel02\/02DSC00718.jpg?t=1435578015\"\n\t\t\tdata-thumbnail=\"https:\/\/mapeadventures.ch\/wp-content\/gallery\/bruessel02\/thumbs\/thumbs_02DSC00718.jpg?t=1435578015\"\n\t\t\tdata-image-id=\"930\"\n\t\t\tdata-image-name=\"02DSC00718.jpg\"\n\t\t\tdata-title=\"02DSC00718\"\n\t\t\tdata-description=\"Romantischer Rastplatz bei Meissenheim\"\n\t\t\t\t\t\t\t\t\t\t\t\t\t\t\tclass=\"ngg-fancybox\" rel=\"090dc42df436369909772e43f938cd76\">\n\t\t\t\n\t\t\t<img data-image-id='930'\n\t\t\t\ttitle=\"Romantischer Rastplatz bei Meissenheim\"\n\t\t\t\talt=\"02DSC00718\"\n\t\t\t\tsrc=\"https:\/\/mapeadventures.ch\/wp-content\/gallery\/bruessel02\/02DSC00718.jpg?t=1435578015\"\n\t\t\t\tstyle=\"max-height: 469px;\"\/>\n\t\t<\/a>\n\n\t\t\n\t\t<a href=\"https:\/\/mapeadventures.ch\/wp-content\/gallery\/bruessel02\/02DSC00721.jpg?t=1435578015\"\n\t\t\ttitle=\"Kirche in Kehl\"\n\t\t\tdata-src=\"https:\/\/mapeadventures.ch\/wp-content\/gallery\/bruessel02\/02DSC00721.jpg?t=1435578015\"\n\t\t\tdata-thumbnail=\"https:\/\/mapeadventures.ch\/wp-content\/gallery\/bruessel02\/thumbs\/thumbs_02DSC00721.jpg?t=1435578015\"\n\t\t\tdata-image-id=\"931\"\n\t\t\tdata-image-name=\"02DSC00721.jpg\"\n\t\t\tdata-title=\"02DSC00721\"\n\t\t\tdata-description=\"Kirche in Kehl\"\n\t\t\t\t\t\t\t\t\t\t\t\t\t\t\tclass=\"ngg-fancybox\" rel=\"090dc42df436369909772e43f938cd76\">\n\t\t\t\n\t\t\t<img data-image-id='931'\n\t\t\t\ttitle=\"Kirche in Kehl\"\n\t\t\t\talt=\"02DSC00721\"\n\t\t\t\tsrc=\"https:\/\/mapeadventures.ch\/wp-content\/gallery\/bruessel02\/02DSC00721.jpg?t=1435578015\"\n\t\t\t\tstyle=\"max-height: 469px;\"\/>\n\t\t<\/a>\n\n\t\t<\/div>\n\n\t\t<!-- Thumbnails Link -->\n\t<div class=\"slideshowlink\" style=\"max-width: 640px;\">\n\t\t<a href='https:\/\/mapeadventures.ch\/index.php\/nggallery\/thumbnails?p=1767'>[Show picture list]<\/a>\n\t<\/div>\n\n<\/p>\n<p>Wir verlassen Sasbach nach einem energiereichen Fr\u00fchst\u00fcck und fahren unmittelbar am Rheinufer auf einem Naturweg Richtung Nordosten. Wir folgen dem Weg nach Weisweil und Rheinhausen und w\u00e4hlen die Variante \u00fcber Rust. Hier machen wir einen Fotohalt und schauen uns den bekannten Freizeitpark von au\u00dfen an. Verschiedene Cars fahren vor und entlassen Kinder und Jugendliche ins Freizeitvergn\u00fcgen. Wir aber kaufen uns unser Picknick und fahren weiter. In einem Baggersee zwischen Rust und Kappel genehmige ich mir ein erfrischendes Bad, denn schlie\u00dflich ist es sehr warm und Schwimmen im k\u00fchlenden Wasser weckt die Lebensgeister. Bei der F\u00e4hre nach Rhinau treffen wir wieder auf den Rhein und fahren weiter dem Uferweg entlang. Vor Mei\u00dfenheim ist der Rheinweg wegen Bauarbeiten gesperrt, und wir werden in das Dorf umgeleitet. An einem lauschigen Pl\u00e4tzchen in Mei\u00dfenheim machen wir eine kurze Mittagspause und genie\u00dfen unser Picknick. Unser Weg f\u00fchrt uns durch Ichenheim zur\u00fcck auf den Rheinweg. Wir folgen ihm \u00fcber Kehl hinaus. Unsere heutige Fahrt endet in Freistett, wo wir im roten Ochsen unser Nachtquartier finden.<\/p>\n<p>&nbsp;<\/p>\n<p><strong>Sonntag, 7. Juni 2015:<\/strong> Freistett \u2013 W\u00f6rth am Rhein (72 km)<\/p>\n<p>\n<div class=\"ngg-galleryoverview ngg-slideshow\"\n\tid=\"ngg-slideshow-1e88e050fa02f30d9bded7d8d1c0c9fb-21268522560\"\n\tdata-nextgen-gallery-id=\"75\"\n\tdata-gallery-id=\"1e88e050fa02f30d9bded7d8d1c0c9fb\"\n\t\tdata-gallery-name=\"br\u00fcssel03\"\n\t\tstyle=\"max-width: 640px;\n\t\t\tmax-height: 480px;\n\t\t\tdisplay: none;\">\n\n\t\n\t\t<a href=\"https:\/\/mapeadventures.ch\/wp-content\/gallery\/bruessel03\/03DSC00722.jpg?t=1564001139\"\n\t\t\ttitle=\"Startbereit vor dem Roten Ochsen in Freistett\"\n\t\t\tdata-src=\"https:\/\/mapeadventures.ch\/wp-content\/gallery\/bruessel03\/03DSC00722.jpg?t=1564001139\"\n\t\t\tdata-thumbnail=\"https:\/\/mapeadventures.ch\/wp-content\/gallery\/bruessel03\/thumbs\/thumbs_03DSC00722.jpg?t=1564001139\"\n\t\t\tdata-image-id=\"932\"\n\t\t\tdata-image-name=\"03DSC00722.jpg\"\n\t\t\tdata-title=\"03DSC00722\"\n\t\t\tdata-description=\"Startbereit vor dem Roten Ochsen in Freistett\"\n\t\t\t\t\t\t\t\t\t\t\t\t\t\t\tclass=\"ngg-fancybox\" rel=\"1e88e050fa02f30d9bded7d8d1c0c9fb\">\n\t\t\t\n\t\t\t<img data-image-id='932'\n\t\t\t\ttitle=\"Startbereit vor dem Roten Ochsen in Freistett\"\n\t\t\t\talt=\"03DSC00722\"\n\t\t\t\tsrc=\"https:\/\/mapeadventures.ch\/wp-content\/gallery\/bruessel03\/03DSC00722.jpg?t=1564001139\"\n\t\t\t\tstyle=\"max-height: 460px;\"\/>\n\t\t<\/a>\n\n\t\t\n\t\t<a href=\"https:\/\/mapeadventures.ch\/wp-content\/gallery\/bruessel03\/03DSC00724.jpg?t=1435578393\"\n\t\t\ttitle=\"Ein leuchtend rotes Mohnfeld am Radweg\"\n\t\t\tdata-src=\"https:\/\/mapeadventures.ch\/wp-content\/gallery\/bruessel03\/03DSC00724.jpg?t=1435578393\"\n\t\t\tdata-thumbnail=\"https:\/\/mapeadventures.ch\/wp-content\/gallery\/bruessel03\/thumbs\/thumbs_03DSC00724.jpg?t=1435578393\"\n\t\t\tdata-image-id=\"933\"\n\t\t\tdata-image-name=\"03DSC00724.jpg\"\n\t\t\tdata-title=\"03DSC00724\"\n\t\t\tdata-description=\"Ein leuchtend rotes Mohnfeld am Radweg\"\n\t\t\t\t\t\t\t\t\t\t\t\t\t\t\tclass=\"ngg-fancybox\" rel=\"1e88e050fa02f30d9bded7d8d1c0c9fb\">\n\t\t\t\n\t\t\t<img data-image-id='933'\n\t\t\t\ttitle=\"Ein leuchtend rotes Mohnfeld am Radweg\"\n\t\t\t\talt=\"03DSC00724\"\n\t\t\t\tsrc=\"https:\/\/mapeadventures.ch\/wp-content\/gallery\/bruessel03\/03DSC00724.jpg?t=1435578393\"\n\t\t\t\tstyle=\"max-height: 460px;\"\/>\n\t\t<\/a>\n\n\t\t\n\t\t<a href=\"https:\/\/mapeadventures.ch\/wp-content\/gallery\/bruessel03\/03DSC00726.jpg?t=1435578393\"\n\t\t\ttitle=\"Kanadag\u00e4nse schwimmen auf dem Rhein\"\n\t\t\tdata-src=\"https:\/\/mapeadventures.ch\/wp-content\/gallery\/bruessel03\/03DSC00726.jpg?t=1435578393\"\n\t\t\tdata-thumbnail=\"https:\/\/mapeadventures.ch\/wp-content\/gallery\/bruessel03\/thumbs\/thumbs_03DSC00726.jpg?t=1435578393\"\n\t\t\tdata-image-id=\"934\"\n\t\t\tdata-image-name=\"03DSC00726.jpg\"\n\t\t\tdata-title=\"03DSC00726\"\n\t\t\tdata-description=\"Kanadag\u00e4nse schwimmen auf dem Rhein\"\n\t\t\t\t\t\t\t\t\t\t\t\t\t\t\tclass=\"ngg-fancybox\" rel=\"1e88e050fa02f30d9bded7d8d1c0c9fb\">\n\t\t\t\n\t\t\t<img data-image-id='934'\n\t\t\t\ttitle=\"Kanadag\u00e4nse schwimmen auf dem Rhein\"\n\t\t\t\talt=\"03DSC00726\"\n\t\t\t\tsrc=\"https:\/\/mapeadventures.ch\/wp-content\/gallery\/bruessel03\/03DSC00726.jpg?t=1435578393\"\n\t\t\t\tstyle=\"max-height: 460px;\"\/>\n\t\t<\/a>\n\n\t\t\n\t\t<a href=\"https:\/\/mapeadventures.ch\/wp-content\/gallery\/bruessel03\/03DSC00728.jpg?t=1435578393\"\n\t\t\ttitle=\"Wir haben auf die franz\u00f6sische Rheinseite gewechselt\"\n\t\t\tdata-src=\"https:\/\/mapeadventures.ch\/wp-content\/gallery\/bruessel03\/03DSC00728.jpg?t=1435578393\"\n\t\t\tdata-thumbnail=\"https:\/\/mapeadventures.ch\/wp-content\/gallery\/bruessel03\/thumbs\/thumbs_03DSC00728.jpg?t=1435578393\"\n\t\t\tdata-image-id=\"935\"\n\t\t\tdata-image-name=\"03DSC00728.jpg\"\n\t\t\tdata-title=\"03DSC00728\"\n\t\t\tdata-description=\"Wir haben auf die franz\u00f6sische Rheinseite gewechselt\"\n\t\t\t\t\t\t\t\t\t\t\t\t\t\t\tclass=\"ngg-fancybox\" rel=\"1e88e050fa02f30d9bded7d8d1c0c9fb\">\n\t\t\t\n\t\t\t<img data-image-id='935'\n\t\t\t\ttitle=\"Wir haben auf die franz\u00f6sische Rheinseite gewechselt\"\n\t\t\t\talt=\"03DSC00728\"\n\t\t\t\tsrc=\"https:\/\/mapeadventures.ch\/wp-content\/gallery\/bruessel03\/03DSC00728.jpg?t=1435578393\"\n\t\t\t\tstyle=\"max-height: 460px;\"\/>\n\t\t<\/a>\n\n\t\t\n\t\t<a href=\"https:\/\/mapeadventures.ch\/wp-content\/gallery\/bruessel03\/03DSC00729.jpg?t=1435578393\"\n\t\t\ttitle=\"Idyllisches Wasser im Sauberdelta\"\n\t\t\tdata-src=\"https:\/\/mapeadventures.ch\/wp-content\/gallery\/bruessel03\/03DSC00729.jpg?t=1435578393\"\n\t\t\tdata-thumbnail=\"https:\/\/mapeadventures.ch\/wp-content\/gallery\/bruessel03\/thumbs\/thumbs_03DSC00729.jpg?t=1435578393\"\n\t\t\tdata-image-id=\"936\"\n\t\t\tdata-image-name=\"03DSC00729.jpg\"\n\t\t\tdata-title=\"03DSC00729\"\n\t\t\tdata-description=\"Idyllisches Wasser im Sauberdelta\"\n\t\t\t\t\t\t\t\t\t\t\t\t\t\t\tclass=\"ngg-fancybox\" rel=\"1e88e050fa02f30d9bded7d8d1c0c9fb\">\n\t\t\t\n\t\t\t<img data-image-id='936'\n\t\t\t\ttitle=\"Idyllisches Wasser im Sauberdelta\"\n\t\t\t\talt=\"03DSC00729\"\n\t\t\t\tsrc=\"https:\/\/mapeadventures.ch\/wp-content\/gallery\/bruessel03\/03DSC00729.jpg?t=1435578393\"\n\t\t\t\tstyle=\"max-height: 460px;\"\/>\n\t\t<\/a>\n\n\t\t\n\t\t<a href=\"https:\/\/mapeadventures.ch\/wp-content\/gallery\/bruessel03\/03DSC00731.jpg?t=1435578393\"\n\t\t\ttitle=\"So wechselt man einen defekten Schlauch aus\"\n\t\t\tdata-src=\"https:\/\/mapeadventures.ch\/wp-content\/gallery\/bruessel03\/03DSC00731.jpg?t=1435578393\"\n\t\t\tdata-thumbnail=\"https:\/\/mapeadventures.ch\/wp-content\/gallery\/bruessel03\/thumbs\/thumbs_03DSC00731.jpg?t=1435578393\"\n\t\t\tdata-image-id=\"937\"\n\t\t\tdata-image-name=\"03DSC00731.jpg\"\n\t\t\tdata-title=\"03DSC00731\"\n\t\t\tdata-description=\"So wechselt man einen defekten Schlauch aus\"\n\t\t\t\t\t\t\t\t\t\t\t\t\t\t\tclass=\"ngg-fancybox\" rel=\"1e88e050fa02f30d9bded7d8d1c0c9fb\">\n\t\t\t\n\t\t\t<img data-image-id='937'\n\t\t\t\ttitle=\"So wechselt man einen defekten Schlauch aus\"\n\t\t\t\talt=\"03DSC00731\"\n\t\t\t\tsrc=\"https:\/\/mapeadventures.ch\/wp-content\/gallery\/bruessel03\/03DSC00731.jpg?t=1435578393\"\n\t\t\t\tstyle=\"max-height: 460px;\"\/>\n\t\t<\/a>\n\n\t\t\n\t\t<a href=\"https:\/\/mapeadventures.ch\/wp-content\/gallery\/bruessel03\/03img_Streifengans.jpg?t=1435578393\"\n\t\t\ttitle=\"Streifengans im Stadtpark und Zoo Karlsruhe\"\n\t\t\tdata-src=\"https:\/\/mapeadventures.ch\/wp-content\/gallery\/bruessel03\/03img_Streifengans.jpg?t=1435578393\"\n\t\t\tdata-thumbnail=\"https:\/\/mapeadventures.ch\/wp-content\/gallery\/bruessel03\/thumbs\/thumbs_03img_Streifengans.jpg?t=1435578393\"\n\t\t\tdata-image-id=\"938\"\n\t\t\tdata-image-name=\"03img_Streifengans.jpg\"\n\t\t\tdata-title=\"03img_Streifengans\"\n\t\t\tdata-description=\"Streifengans im Stadtpark und Zoo Karlsruhe\"\n\t\t\t\t\t\t\t\t\t\t\t\t\t\t\tclass=\"ngg-fancybox\" rel=\"1e88e050fa02f30d9bded7d8d1c0c9fb\">\n\t\t\t\n\t\t\t<img data-image-id='938'\n\t\t\t\ttitle=\"Streifengans im Stadtpark und Zoo Karlsruhe\"\n\t\t\t\talt=\"03img_Streifengans\"\n\t\t\t\tsrc=\"https:\/\/mapeadventures.ch\/wp-content\/gallery\/bruessel03\/03img_Streifengans.jpg?t=1435578393\"\n\t\t\t\tstyle=\"max-height: 460px;\"\/>\n\t\t<\/a>\n\n\t\t\n\t\t<a href=\"https:\/\/mapeadventures.ch\/wp-content\/gallery\/bruessel03\/03Schlosskarlsruhe.jpg?t=1435578393\"\n\t\t\ttitle=\"Schloss Karlsruhe\"\n\t\t\tdata-src=\"https:\/\/mapeadventures.ch\/wp-content\/gallery\/bruessel03\/03Schlosskarlsruhe.jpg?t=1435578393\"\n\t\t\tdata-thumbnail=\"https:\/\/mapeadventures.ch\/wp-content\/gallery\/bruessel03\/thumbs\/thumbs_03Schlosskarlsruhe.jpg?t=1435578393\"\n\t\t\tdata-image-id=\"939\"\n\t\t\tdata-image-name=\"03Schlosskarlsruhe.jpg\"\n\t\t\tdata-title=\"03Schlosskarlsruhe\"\n\t\t\tdata-description=\"Schloss Karlsruhe\"\n\t\t\t\t\t\t\t\t\t\t\t\t\t\t\tclass=\"ngg-fancybox\" rel=\"1e88e050fa02f30d9bded7d8d1c0c9fb\">\n\t\t\t\n\t\t\t<img data-image-id='939'\n\t\t\t\ttitle=\"Schloss Karlsruhe\"\n\t\t\t\talt=\"03Schlosskarlsruhe\"\n\t\t\t\tsrc=\"https:\/\/mapeadventures.ch\/wp-content\/gallery\/bruessel03\/03Schlosskarlsruhe.jpg?t=1435578393\"\n\t\t\t\tstyle=\"max-height: 460px;\"\/>\n\t\t<\/a>\n\n\t\t<\/div>\n\n\t\t<!-- Thumbnails Link -->\n\t<div class=\"slideshowlink\" style=\"max-width: 640px;\">\n\t\t<a href='https:\/\/mapeadventures.ch\/index.php\/nggallery\/thumbnails?p=1767'>[Show picture list]<\/a>\n\t<\/div>\n\n<\/p>\n<p>Zeitig am Morgen stehen wir auf, machen Toilette, packen unsere Sachen und gehen fr\u00fchst\u00fccken. Gest\u00e4rkt beladen und besteigen wir unsere Drahtesel und finden sehr schnell den Einstieg in den Radweg Richtung Karlsruhe. Aber heute steckt der Wurm drin. Schon bald macht uns ein immer st\u00e4rker wehender Gegenwind M\u00fche und hindert uns am z\u00fcgigen Vorw\u00e4rtskommen. Zwar sehen und bewundern wir immer wieder pr\u00e4chtig bl\u00fchende Felder, h\u00f6ren vielf\u00e4ltigen Vogelgesang und entdecken uns besonders erscheinende V\u00f6gel. Aber so richtig vorw\u00e4rts schaffen wir es einfach nicht auf dem rechtsseitigen Rheindamm. Zudem macht sich heute bei uns beiden schon bald der Allerwerteste unangenehm schmerzend bemerkbar.<br \/>\nUnterwegs kommen wir mit zwei \u00e4lteren Herren ins Gespr\u00e4ch. Sie raten uns, auf die franz\u00f6sische Rheinseite zu wechseln, da dr\u00fcben die Wege f\u00fcr Radfahrer besser angelegt sind. So wechseln wir kurz vor Iffezheim die Rheinseite. Da kurz nach der Bew\u00e4ltigung der Br\u00fccke uns ein Radfahrverbot Einhalt gebieten, daneben aber eine Gemischtverkehrsstrasse verl\u00e4uft, entschlie\u00dfen wir uns, unser Gep\u00e4ck abzuschnallen und es sowie die beiden Velos \u00fcber die trennende Leitplanke und den kleine Graben zu heben. Dort bepacken wir die Velos wieder und fahren weiter. F\u00fcr uns ist dieser Wechsel wirklich lohnenswert, die Fahrt abwechslungsreicher und die Kraft des Windes wird in den Waldpartien vermindert.<br \/>\nNun gibt es aber ein neues Problem: Kurz vor der Mittagspause beginnt mein Vorderpneu offensichtlich Luft zu verlieren.<br \/>\nEssenspause machen wir im Sauerdelta bei Munchhausen. Danach \u00fcberpr\u00fcfe ich die H\u00e4rte meines Voderpneus. Er ist noch weicher geworden. Kurzentschlossen montiere ich das Rad ab,\u00a0 hebe mit Hilfe der Flickwerkzeuge den Mantel einseitig von der Felge ab und nehme den Schlauch heraus. Aufgepumpt und ins Sauerwasser getaucht treten\u00a0 an einer Stelle Bl\u00e4schen aus und steigen an die Wasseroberfl\u00e4che. Da kann ich den mitgef\u00fchrten, unversehrten Schlauch zwischen Felge und Mantel legen, \u00a0den Mantel \u00a0auf die Felge aufziehen, den Schlauch aufpumpen und das Rad wieder montieren. Das Fahrrad ist wieder fahrbereit. Aber Zeit hat es gekostet.<br \/>\nWir fahren danach noch bis W\u00f6rth, finden dort fast problemlos eine Unterkunft, duschen, machen uns frisch und gehen zu Fu\u00df zum Bahnhof. Dort besteigen wir den Zug nach Karsruhe, wo wir einen Besichtigungsspaziergang machen. Vom Hauptbahnhof geht es durch den Stadtpark zum Schlossplatz. Dort genehmigen wir uns ein feines Nachtessen, nat\u00fcrlich Maultaschen und dazu badischen Riesling. Durch verschiedene Stra\u00dfen, vorbei an Budesgerichtshof und Postgeb\u00e4ude, erreichen wir wider den Bahnhof, wo wir den Zug zur\u00fcck nach W\u00f6rth besteigen.<br \/>\nHeute Abend finden wir sicher leicht den Schlaf.<\/p>\n<p>&nbsp;<\/p>\n<p><strong>Montag, 8. Juni 2015:<\/strong> W\u00f6rth \u2013 Mannheim (82 km)<\/p>\n<p>\n<div class=\"ngg-galleryoverview ngg-slideshow\"\n\tid=\"ngg-slideshow-388b405273ddbe3db1f9251dd0fed27f-2341987770\"\n\tdata-nextgen-gallery-id=\"76\"\n\tdata-gallery-id=\"388b405273ddbe3db1f9251dd0fed27f\"\n\t\tdata-gallery-name=\"br\u00fcssel04\"\n\t\tstyle=\"max-width: 640px;\n\t\t\tmax-height: 480px;\n\t\t\tdisplay: none;\">\n\n\t\n\t\t<a href=\"https:\/\/mapeadventures.ch\/wp-content\/gallery\/bruessel04\/04DSC00733.jpg?t=1564046304\"\n\t\t\ttitle=\"Kanadag\u00e4nse am Altrhein\"\n\t\t\tdata-src=\"https:\/\/mapeadventures.ch\/wp-content\/gallery\/bruessel04\/04DSC00733.jpg?t=1564046304\"\n\t\t\tdata-thumbnail=\"https:\/\/mapeadventures.ch\/wp-content\/gallery\/bruessel04\/thumbs\/thumbs_04DSC00733.jpg?t=1564046304\"\n\t\t\tdata-image-id=\"940\"\n\t\t\tdata-image-name=\"04DSC00733.jpg\"\n\t\t\tdata-title=\"04DSC00733\"\n\t\t\tdata-description=\"Kanadag\u00e4nse am Altrhein\"\n\t\t\t\t\t\t\t\t\t\t\t\t\t\t\tclass=\"ngg-fancybox\" rel=\"388b405273ddbe3db1f9251dd0fed27f\">\n\t\t\t\n\t\t\t<img data-image-id='940'\n\t\t\t\ttitle=\"Kanadag\u00e4nse am Altrhein\"\n\t\t\t\talt=\"04DSC00733\"\n\t\t\t\tsrc=\"https:\/\/mapeadventures.ch\/wp-content\/gallery\/bruessel04\/04DSC00733.jpg?t=1564046304\"\n\t\t\t\tstyle=\"max-height: 460px;\"\/>\n\t\t<\/a>\n\n\t\t\n\t\t<a href=\"https:\/\/mapeadventures.ch\/wp-content\/gallery\/bruessel04\/04DSC00737.jpg?t=1435578754\"\n\t\t\ttitle=\"Der Dom von Speyer und Pilgerstatue\"\n\t\t\tdata-src=\"https:\/\/mapeadventures.ch\/wp-content\/gallery\/bruessel04\/04DSC00737.jpg?t=1435578754\"\n\t\t\tdata-thumbnail=\"https:\/\/mapeadventures.ch\/wp-content\/gallery\/bruessel04\/thumbs\/thumbs_04DSC00737.jpg?t=1435578754\"\n\t\t\tdata-image-id=\"941\"\n\t\t\tdata-image-name=\"04DSC00737.jpg\"\n\t\t\tdata-title=\"04DSC00737\"\n\t\t\tdata-description=\"Der Dom von Speyer und Pilgerstatue\"\n\t\t\t\t\t\t\t\t\t\t\t\t\t\t\tclass=\"ngg-fancybox\" rel=\"388b405273ddbe3db1f9251dd0fed27f\">\n\t\t\t\n\t\t\t<img data-image-id='941'\n\t\t\t\ttitle=\"Der Dom von Speyer und Pilgerstatue\"\n\t\t\t\talt=\"04DSC00737\"\n\t\t\t\tsrc=\"https:\/\/mapeadventures.ch\/wp-content\/gallery\/bruessel04\/04DSC00737.jpg?t=1435578754\"\n\t\t\t\tstyle=\"max-height: 460px;\"\/>\n\t\t<\/a>\n\n\t\t\n\t\t<a href=\"https:\/\/mapeadventures.ch\/wp-content\/gallery\/bruessel04\/04DSC00738.jpg?t=1435578754\"\n\t\t\ttitle=\"Alte M\u00fcnze und Altp\u00f6rtel in Speyer\"\n\t\t\tdata-src=\"https:\/\/mapeadventures.ch\/wp-content\/gallery\/bruessel04\/04DSC00738.jpg?t=1435578754\"\n\t\t\tdata-thumbnail=\"https:\/\/mapeadventures.ch\/wp-content\/gallery\/bruessel04\/thumbs\/thumbs_04DSC00738.jpg?t=1435578754\"\n\t\t\tdata-image-id=\"942\"\n\t\t\tdata-image-name=\"04DSC00738.jpg\"\n\t\t\tdata-title=\"04DSC00738\"\n\t\t\tdata-description=\"Alte M\u00fcnze und Altp\u00f6rtel in Speyer\"\n\t\t\t\t\t\t\t\t\t\t\t\t\t\t\tclass=\"ngg-fancybox\" rel=\"388b405273ddbe3db1f9251dd0fed27f\">\n\t\t\t\n\t\t\t<img data-image-id='942'\n\t\t\t\ttitle=\"Alte M\u00fcnze und Altp\u00f6rtel in Speyer\"\n\t\t\t\talt=\"04DSC00738\"\n\t\t\t\tsrc=\"https:\/\/mapeadventures.ch\/wp-content\/gallery\/bruessel04\/04DSC00738.jpg?t=1435578754\"\n\t\t\t\tstyle=\"max-height: 460px;\"\/>\n\t\t<\/a>\n\n\t\t\n\t\t<a href=\"https:\/\/mapeadventures.ch\/wp-content\/gallery\/bruessel04\/04DSC00739.jpg?t=1435578754\"\n\t\t\ttitle=\"Rheinf\u00e4hre vor Mannheim\"\n\t\t\tdata-src=\"https:\/\/mapeadventures.ch\/wp-content\/gallery\/bruessel04\/04DSC00739.jpg?t=1435578754\"\n\t\t\tdata-thumbnail=\"https:\/\/mapeadventures.ch\/wp-content\/gallery\/bruessel04\/thumbs\/thumbs_04DSC00739.jpg?t=1435578754\"\n\t\t\tdata-image-id=\"943\"\n\t\t\tdata-image-name=\"04DSC00739.jpg\"\n\t\t\tdata-title=\"04DSC00739\"\n\t\t\tdata-description=\"Rheinf\u00e4hre vor Mannheim\"\n\t\t\t\t\t\t\t\t\t\t\t\t\t\t\tclass=\"ngg-fancybox\" rel=\"388b405273ddbe3db1f9251dd0fed27f\">\n\t\t\t\n\t\t\t<img data-image-id='943'\n\t\t\t\ttitle=\"Rheinf\u00e4hre vor Mannheim\"\n\t\t\t\talt=\"04DSC00739\"\n\t\t\t\tsrc=\"https:\/\/mapeadventures.ch\/wp-content\/gallery\/bruessel04\/04DSC00739.jpg?t=1435578754\"\n\t\t\t\tstyle=\"max-height: 460px;\"\/>\n\t\t<\/a>\n\n\t\t\n\t\t<a href=\"https:\/\/mapeadventures.ch\/wp-content\/gallery\/bruessel04\/04Friedrichsplatz.jpg?t=1435578754\"\n\t\t\ttitle=\"Friedrichsplatz in Mannheim\"\n\t\t\tdata-src=\"https:\/\/mapeadventures.ch\/wp-content\/gallery\/bruessel04\/04Friedrichsplatz.jpg?t=1435578754\"\n\t\t\tdata-thumbnail=\"https:\/\/mapeadventures.ch\/wp-content\/gallery\/bruessel04\/thumbs\/thumbs_04Friedrichsplatz.jpg?t=1435578754\"\n\t\t\tdata-image-id=\"944\"\n\t\t\tdata-image-name=\"04Friedrichsplatz.jpg\"\n\t\t\tdata-title=\"04Friedrichsplatz\"\n\t\t\tdata-description=\"Friedrichsplatz in Mannheim\"\n\t\t\t\t\t\t\t\t\t\t\t\t\t\t\tclass=\"ngg-fancybox\" rel=\"388b405273ddbe3db1f9251dd0fed27f\">\n\t\t\t\n\t\t\t<img data-image-id='944'\n\t\t\t\ttitle=\"Friedrichsplatz in Mannheim\"\n\t\t\t\talt=\"04Friedrichsplatz\"\n\t\t\t\tsrc=\"https:\/\/mapeadventures.ch\/wp-content\/gallery\/bruessel04\/04Friedrichsplatz.jpg?t=1435578754\"\n\t\t\t\tstyle=\"max-height: 460px;\"\/>\n\t\t<\/a>\n\n\t\t\n\t\t<a href=\"https:\/\/mapeadventures.ch\/wp-content\/gallery\/bruessel04\/04Wasserturm.jpg?t=1435578754\"\n\t\t\ttitle=\"Wasserturm in Mannheim\"\n\t\t\tdata-src=\"https:\/\/mapeadventures.ch\/wp-content\/gallery\/bruessel04\/04Wasserturm.jpg?t=1435578754\"\n\t\t\tdata-thumbnail=\"https:\/\/mapeadventures.ch\/wp-content\/gallery\/bruessel04\/thumbs\/thumbs_04Wasserturm.jpg?t=1435578754\"\n\t\t\tdata-image-id=\"945\"\n\t\t\tdata-image-name=\"04Wasserturm.jpg\"\n\t\t\tdata-title=\"04Wasserturm\"\n\t\t\tdata-description=\"Wasserturm in Mannheim\"\n\t\t\t\t\t\t\t\t\t\t\t\t\t\t\tclass=\"ngg-fancybox\" rel=\"388b405273ddbe3db1f9251dd0fed27f\">\n\t\t\t\n\t\t\t<img data-image-id='945'\n\t\t\t\ttitle=\"Wasserturm in Mannheim\"\n\t\t\t\talt=\"04Wasserturm\"\n\t\t\t\tsrc=\"https:\/\/mapeadventures.ch\/wp-content\/gallery\/bruessel04\/04Wasserturm.jpg?t=1435578754\"\n\t\t\t\tstyle=\"max-height: 460px;\"\/>\n\t\t<\/a>\n\n\t\t<\/div>\n\n\t\t<!-- Thumbnails Link -->\n\t<div class=\"slideshowlink\" style=\"max-width: 640px;\">\n\t\t<a href='https:\/\/mapeadventures.ch\/index.php\/nggallery\/thumbnails?p=1767'>[Show picture list]<\/a>\n\t<\/div>\n\n<\/p>\n<p>Nach einem ausgiebigen Morgenessen machen wir uns schon bald auf den Weg. Der Himmel ist bedeckt und es ist k\u00fchl. Wir kommen schnell voran, obschon wir unterwegs noch ein Kanadag\u00e4nsepaar mit vier Jungen, mehrere St\u00f6rche, wovon einer mit zwei Jungen im Nest, vier Nilg\u00e4nse in einem Spargelfeld und ein Reh, das wenige Meter vor uns auf den Radweg springt, beobachten.<br \/>\nDa es k\u00fchl ist, beschlie\u00dfen wir, in Germershausen in ein Caf\u00e9 zu gehen und dort etwas Warmes zu trinken. Irgendwie verpassen wir aber die Abzweigung ins Zentrum und fragen einen \u00e4lteren Radfahrer nach dem Weg. Hilfsbereit f\u00e4hrt er uns voraus, und so laden wir ihn zu einem Kaffee ein, was er bereitwillig annimmt. Unterdessen beginnt es zu regnen. So sitzen wir gem\u00fctlich in einem sch\u00f6nen Lokal, lassen uns von unserem Gast Erlebnisse auf seinen S\u00fcdamerikareisen erz\u00e4hlen und genie\u00dfen es, dass es genau jetzt regnet.<br \/>\nObschon\u00a0 der Regen l\u00e4nger anh\u00e4lt, beschlie\u00dfen wir, weiter zu fahren und verabschieden uns vom freundlichen Radfahrer. Da es nur ganz fein regnet, verzichten wir auf Regensch\u00fctze, da diese beim Fahren hinderlich sind. Und nun h\u00f6rt es auch auf zu regnen.<br \/>\nSo erreichen wir Speyer, die alte Kr\u00f6nungsstadt der Deutschen Kaiser kurz nach zw\u00f6lf. Der Dom imponiert m\u00e4chtig. Da das Wetter windig und der Himmel bedeckt ist, beschlie\u00dfen wir, uns in einem warmen Restaurant zu verk\u00f6stigen.<br \/>\nAm Nachmittag fahren wir bei Gegenwind weiter und erreichen Mannheim, nachdem wir mit der F\u00e4hre von Altrip \u00fcbersetzt haben. Allerdings verpassen wir dann eine Abzweigung und machen noch einen gro\u00dfen Bogen um die Stadt. Mit einigem Nachfragen finden wir eine geeignete Unterkunft, wo wir duschen, uns frisch machen und anschlie\u00dfend noch zu einer Kurzbesichtigung der Stadt aufbrechen.<\/p>\n<p>&nbsp;<\/p>\n<p><strong>Dienstag, 9.Juni 2015:<\/strong> Mannheim \u2013 Nackenheim (79 km)<\/p>\n<p>\n<div class=\"ngg-galleryoverview ngg-slideshow\"\n\tid=\"ngg-slideshow-cd7bd030342f9cac9d591f1a2b7b4c8c-16707984810\"\n\tdata-nextgen-gallery-id=\"77\"\n\tdata-gallery-id=\"cd7bd030342f9cac9d591f1a2b7b4c8c\"\n\t\tdata-gallery-name=\"br\u00fcssel05\"\n\t\tstyle=\"max-width: 640px;\n\t\t\tmax-height: 480px;\n\t\t\tdisplay: none;\">\n\n\t\n\t\t<a href=\"https:\/\/mapeadventures.ch\/wp-content\/gallery\/bruessel05\/05DSC00740.jpg?t=1495154350\"\n\t\t\ttitle=\"Blick zur\u00fcck auf Mannheim von der Rheinbr\u00fccke aus\"\n\t\t\tdata-src=\"https:\/\/mapeadventures.ch\/wp-content\/gallery\/bruessel05\/05DSC00740.jpg?t=1495154350\"\n\t\t\tdata-thumbnail=\"https:\/\/mapeadventures.ch\/wp-content\/gallery\/bruessel05\/thumbs\/thumbs_05DSC00740.jpg?t=1495154350\"\n\t\t\tdata-image-id=\"946\"\n\t\t\tdata-image-name=\"05DSC00740.jpg\"\n\t\t\tdata-title=\"05DSC00740\"\n\t\t\tdata-description=\"Blick zur\u00fcck auf Mannheim von der Rheinbr\u00fccke aus\"\n\t\t\t\t\t\t\t\t\t\t\t\t\t\t\tclass=\"ngg-fancybox\" rel=\"cd7bd030342f9cac9d591f1a2b7b4c8c\">\n\t\t\t\n\t\t\t<img data-image-id='946'\n\t\t\t\ttitle=\"Blick zur\u00fcck auf Mannheim von der Rheinbr\u00fccke aus\"\n\t\t\t\talt=\"05DSC00740\"\n\t\t\t\tsrc=\"https:\/\/mapeadventures.ch\/wp-content\/gallery\/bruessel05\/05DSC00740.jpg?t=1495154350\"\n\t\t\t\tstyle=\"max-height: 460px;\"\/>\n\t\t<\/a>\n\n\t\t\n\t\t<a href=\"https:\/\/mapeadventures.ch\/wp-content\/gallery\/bruessel05\/05DSC00742.jpg?t=1435581257\"\n\t\t\ttitle=\"Blick Richtung Norden auf der Rheinbr\u00fccke bei Mannheim\"\n\t\t\tdata-src=\"https:\/\/mapeadventures.ch\/wp-content\/gallery\/bruessel05\/05DSC00742.jpg?t=1435581257\"\n\t\t\tdata-thumbnail=\"https:\/\/mapeadventures.ch\/wp-content\/gallery\/bruessel05\/thumbs\/thumbs_05DSC00742.jpg?t=1435581257\"\n\t\t\tdata-image-id=\"947\"\n\t\t\tdata-image-name=\"05DSC00742.jpg\"\n\t\t\tdata-title=\"05DSC00742\"\n\t\t\tdata-description=\"Blick Richtung Norden auf der Rheinbr\u00fccke bei Mannheim\"\n\t\t\t\t\t\t\t\t\t\t\t\t\t\t\tclass=\"ngg-fancybox\" rel=\"cd7bd030342f9cac9d591f1a2b7b4c8c\">\n\t\t\t\n\t\t\t<img data-image-id='947'\n\t\t\t\ttitle=\"Blick Richtung Norden auf der Rheinbr\u00fccke bei Mannheim\"\n\t\t\t\talt=\"05DSC00742\"\n\t\t\t\tsrc=\"https:\/\/mapeadventures.ch\/wp-content\/gallery\/bruessel05\/05DSC00742.jpg?t=1435581257\"\n\t\t\t\tstyle=\"max-height: 460px;\"\/>\n\t\t<\/a>\n\n\t\t\n\t\t<a href=\"https:\/\/mapeadventures.ch\/wp-content\/gallery\/bruessel05\/05DSC00743.jpg?t=1435581257\"\n\t\t\ttitle=\"Der Dom zu Worms\"\n\t\t\tdata-src=\"https:\/\/mapeadventures.ch\/wp-content\/gallery\/bruessel05\/05DSC00743.jpg?t=1435581257\"\n\t\t\tdata-thumbnail=\"https:\/\/mapeadventures.ch\/wp-content\/gallery\/bruessel05\/thumbs\/thumbs_05DSC00743.jpg?t=1435581257\"\n\t\t\tdata-image-id=\"948\"\n\t\t\tdata-image-name=\"05DSC00743.jpg\"\n\t\t\tdata-title=\"05DSC00743\"\n\t\t\tdata-description=\"Der Dom zu Worms\"\n\t\t\t\t\t\t\t\t\t\t\t\t\t\t\tclass=\"ngg-fancybox\" rel=\"cd7bd030342f9cac9d591f1a2b7b4c8c\">\n\t\t\t\n\t\t\t<img data-image-id='948'\n\t\t\t\ttitle=\"Der Dom zu Worms\"\n\t\t\t\talt=\"05DSC00743\"\n\t\t\t\tsrc=\"https:\/\/mapeadventures.ch\/wp-content\/gallery\/bruessel05\/05DSC00743.jpg?t=1435581257\"\n\t\t\t\tstyle=\"max-height: 460px;\"\/>\n\t\t<\/a>\n\n\t\t\n\t\t<a href=\"https:\/\/mapeadventures.ch\/wp-content\/gallery\/bruessel05\/05DSC00744.jpg?t=1435581257\"\n\t\t\ttitle=\"Im Dom zu Worms\"\n\t\t\tdata-src=\"https:\/\/mapeadventures.ch\/wp-content\/gallery\/bruessel05\/05DSC00744.jpg?t=1435581257\"\n\t\t\tdata-thumbnail=\"https:\/\/mapeadventures.ch\/wp-content\/gallery\/bruessel05\/thumbs\/thumbs_05DSC00744.jpg?t=1435581257\"\n\t\t\tdata-image-id=\"949\"\n\t\t\tdata-image-name=\"05DSC00744.jpg\"\n\t\t\tdata-title=\"05DSC00744\"\n\t\t\tdata-description=\"Im Dom zu Worms\"\n\t\t\t\t\t\t\t\t\t\t\t\t\t\t\tclass=\"ngg-fancybox\" rel=\"cd7bd030342f9cac9d591f1a2b7b4c8c\">\n\t\t\t\n\t\t\t<img data-image-id='949'\n\t\t\t\ttitle=\"Im Dom zu Worms\"\n\t\t\t\talt=\"05DSC00744\"\n\t\t\t\tsrc=\"https:\/\/mapeadventures.ch\/wp-content\/gallery\/bruessel05\/05DSC00744.jpg?t=1435581257\"\n\t\t\t\tstyle=\"max-height: 460px;\"\/>\n\t\t<\/a>\n\n\t\t\n\t\t<a href=\"https:\/\/mapeadventures.ch\/wp-content\/gallery\/bruessel05\/05RathausNackenheim.jpg?t=1435581257\"\n\t\t\ttitle=\"Rathaus in Nackenheim\"\n\t\t\tdata-src=\"https:\/\/mapeadventures.ch\/wp-content\/gallery\/bruessel05\/05RathausNackenheim.jpg?t=1435581257\"\n\t\t\tdata-thumbnail=\"https:\/\/mapeadventures.ch\/wp-content\/gallery\/bruessel05\/thumbs\/thumbs_05RathausNackenheim.jpg?t=1435581257\"\n\t\t\tdata-image-id=\"999\"\n\t\t\tdata-image-name=\"05RathausNackenheim.jpg\"\n\t\t\tdata-title=\"05RathausNackenheim\"\n\t\t\tdata-description=\"Rathaus in Nackenheim\"\n\t\t\t\t\t\t\t\t\t\t\t\t\t\t\tclass=\"ngg-fancybox\" rel=\"cd7bd030342f9cac9d591f1a2b7b4c8c\">\n\t\t\t\n\t\t\t<img data-image-id='999'\n\t\t\t\ttitle=\"Rathaus in Nackenheim\"\n\t\t\t\talt=\"05RathausNackenheim\"\n\t\t\t\tsrc=\"https:\/\/mapeadventures.ch\/wp-content\/gallery\/bruessel05\/05RathausNackenheim.jpg?t=1435581257\"\n\t\t\t\tstyle=\"max-height: 460px;\"\/>\n\t\t<\/a>\n\n\t\t<\/div>\n\n\t\t<!-- Thumbnails Link -->\n\t<div class=\"slideshowlink\" style=\"max-width: 640px;\">\n\t\t<a href='https:\/\/mapeadventures.ch\/index.php\/nggallery\/thumbnails?p=1767'>[Show picture list]<\/a>\n\t<\/div>\n\n<\/p>\n<p>Der heutige Velotag beginnt recht stressig. Nach einem reichhaltigen Fr\u00fchst\u00fcck machen wir uns auf den Weg Richtung Konrad-Adenauer- Br\u00fccke. Die Radfahrer sind losgelassen. Von allen Seiten kommen sie, kreuzen uns, reihen sich in den Verkehrsfluss ein, \u00fcberholen uns und geben bereitwillig Auskunft, wenn wir nicht mehr weiter wissen. So gelangen wir mit wenigen Irrfahrten aufs andere Rheinufer nach Ludwisburg. Dort hei\u00dft es, bei gro\u00dfem Verkehrsaufkommen sich durch die immensen Industrieanlagen, speziell von BASF, zurecht zu finden, was uns mit der Unterst\u00fctzung durch Einheimische letztlich gelingt. Auf einem Parkplatz von BASF sehen wir, warum so viele Radfahrer unterwegs sind: Da stehen Hunderte von genau gleich aussehenden, rot gespritzten Zweir\u00e4dern. Sie unterscheiden sich einzig durch die Gep\u00e4cktr\u00e4ger.<br \/>\nIn Worms machen wir einen Zwischenhalt und besuchen den Kaiserdom St. Peter.<br \/>\nAuch heute hei\u00dft es k\u00e4mpfen, denn in den meisten Passagen weht uns ein starker, b\u00f6iger Nordostwind entgegen. Irrt\u00fcmlicherweise landen wir bei der F\u00e4hre nach Gernsheim, wo wir unsern Irrtum ausb\u00fcgeln, indem wir in der Golfplatz-Gastst\u00e4tte Mittagsrast mache. Danach werden wir \u00a0nach Guntersblum und anschlie\u00dfend durch die Rebberge umgeleitet, da der Rheindammweg wegen Bauarbeiten nicht befahrbar ist. So beschlie\u00dfen wir am Ende dieser Umleitunsstrecke, in Nackenheim zu bleiben und finden auf Anhieb eine g\u00fcnstige Unterkunft. Dieses Nackenheim ist ein \u00a0wundersch\u00f6nes St\u00e4dtchen mit vielen Weing\u00fctern. Wir kosten einen roten Dornfelder, und der schmeckt vorz\u00fcglich.<\/p>\n<p>&nbsp;<\/p>\n<table style=\"height: 100px; border-color: #fffff5;\" border=\"0\" width=\"540\" cellspacing=\"2\" cellpadding=\"2\">\n<tbody>\n<tr>\n<td style=\"width: 230px; height: 12px; text-align: left;\"><strong>Mittwoch, 10. Juni 2015:<\/strong><\/td>\n<td style=\"text-align: left;\">Nackenheim &#8211; Mainz (15 km)<\/td>\n<\/tr>\n<tr>\n<td style=\"width: 220px; height: 12px; text-align: left;\"><\/td>\n<td style=\"text-align: left;\">Schifffahrt Mainz &#8211; Boppard<\/td>\n<\/tr>\n<tr>\n<td style=\"width: 220px; height: 12px; text-align: left;\"><\/td>\n<td style=\"text-align: left;\">Boppard &#8211; Andernach (47 km)<\/td>\n<\/tr>\n<\/tbody>\n<\/table>\n<p>\n<div class=\"ngg-galleryoverview ngg-slideshow\"\n\tid=\"ngg-slideshow-9a60a14d1e108fe62c230c00bbffbdd3-6197924910\"\n\tdata-nextgen-gallery-id=\"78\"\n\tdata-gallery-id=\"9a60a14d1e108fe62c230c00bbffbdd3\"\n\t\tdata-gallery-name=\"br\u00fcssel06\"\n\t\tstyle=\"max-width: 640px;\n\t\t\tmax-height: 480px;\n\t\t\tdisplay: none;\">\n\n\t\n\t\t<a href=\"https:\/\/mapeadventures.ch\/wp-content\/gallery\/bruessel06\/06DSC00749.jpg?t=1563333510\"\n\t\t\ttitle=\"Wir machen uns startbereit in Nackenheim\"\n\t\t\tdata-src=\"https:\/\/mapeadventures.ch\/wp-content\/gallery\/bruessel06\/06DSC00749.jpg?t=1563333510\"\n\t\t\tdata-thumbnail=\"https:\/\/mapeadventures.ch\/wp-content\/gallery\/bruessel06\/thumbs\/thumbs_06DSC00749.jpg?t=1563333510\"\n\t\t\tdata-image-id=\"950\"\n\t\t\tdata-image-name=\"06DSC00749.jpg\"\n\t\t\tdata-title=\"06DSC00749\"\n\t\t\tdata-description=\"Wir machen uns startbereit in Nackenheim\"\n\t\t\t\t\t\t\t\t\t\t\t\t\t\t\tclass=\"ngg-fancybox\" rel=\"9a60a14d1e108fe62c230c00bbffbdd3\">\n\t\t\t\n\t\t\t<img data-image-id='950'\n\t\t\t\ttitle=\"Wir machen uns startbereit in Nackenheim\"\n\t\t\t\talt=\"06DSC00749\"\n\t\t\t\tsrc=\"https:\/\/mapeadventures.ch\/wp-content\/gallery\/bruessel06\/06DSC00749.jpg?t=1563333510\"\n\t\t\t\tstyle=\"max-height: 460px;\"\/>\n\t\t<\/a>\n\n\t\t\n\t\t<a href=\"https:\/\/mapeadventures.ch\/wp-content\/gallery\/bruessel06\/06DSC00753.jpg?t=1435581105\"\n\t\t\ttitle=\"Der Dom von Mainz\"\n\t\t\tdata-src=\"https:\/\/mapeadventures.ch\/wp-content\/gallery\/bruessel06\/06DSC00753.jpg?t=1435581105\"\n\t\t\tdata-thumbnail=\"https:\/\/mapeadventures.ch\/wp-content\/gallery\/bruessel06\/thumbs\/thumbs_06DSC00753.jpg?t=1435581105\"\n\t\t\tdata-image-id=\"951\"\n\t\t\tdata-image-name=\"06DSC00753.jpg\"\n\t\t\tdata-title=\"06DSC00753\"\n\t\t\tdata-description=\"Der Dom von Mainz\"\n\t\t\t\t\t\t\t\t\t\t\t\t\t\t\tclass=\"ngg-fancybox\" rel=\"9a60a14d1e108fe62c230c00bbffbdd3\">\n\t\t\t\n\t\t\t<img data-image-id='951'\n\t\t\t\ttitle=\"Der Dom von Mainz\"\n\t\t\t\talt=\"06DSC00753\"\n\t\t\t\tsrc=\"https:\/\/mapeadventures.ch\/wp-content\/gallery\/bruessel06\/06DSC00753.jpg?t=1435581105\"\n\t\t\t\tstyle=\"max-height: 460px;\"\/>\n\t\t<\/a>\n\n\t\t\n\t\t<a href=\"https:\/\/mapeadventures.ch\/wp-content\/gallery\/bruessel06\/06DSC00758.jpg?t=1435581105\"\n\t\t\ttitle=\"Unser Schiff steht zur Abfahrt bereit nach Boppard\"\n\t\t\tdata-src=\"https:\/\/mapeadventures.ch\/wp-content\/gallery\/bruessel06\/06DSC00758.jpg?t=1435581105\"\n\t\t\tdata-thumbnail=\"https:\/\/mapeadventures.ch\/wp-content\/gallery\/bruessel06\/thumbs\/thumbs_06DSC00758.jpg?t=1435581105\"\n\t\t\tdata-image-id=\"952\"\n\t\t\tdata-image-name=\"06DSC00758.jpg\"\n\t\t\tdata-title=\"06DSC00758\"\n\t\t\tdata-description=\"Unser Schiff steht zur Abfahrt bereit nach Boppard\"\n\t\t\t\t\t\t\t\t\t\t\t\t\t\t\tclass=\"ngg-fancybox\" rel=\"9a60a14d1e108fe62c230c00bbffbdd3\">\n\t\t\t\n\t\t\t<img data-image-id='952'\n\t\t\t\ttitle=\"Unser Schiff steht zur Abfahrt bereit nach Boppard\"\n\t\t\t\talt=\"06DSC00758\"\n\t\t\t\tsrc=\"https:\/\/mapeadventures.ch\/wp-content\/gallery\/bruessel06\/06DSC00758.jpg?t=1435581105\"\n\t\t\t\tstyle=\"max-height: 460px;\"\/>\n\t\t<\/a>\n\n\t\t\n\t\t<a href=\"https:\/\/mapeadventures.ch\/wp-content\/gallery\/bruessel06\/06DSC00759.jpg?t=1435581105\"\n\t\t\ttitle=\"Schloss Biebrich am rechten Rheinufer\"\n\t\t\tdata-src=\"https:\/\/mapeadventures.ch\/wp-content\/gallery\/bruessel06\/06DSC00759.jpg?t=1435581105\"\n\t\t\tdata-thumbnail=\"https:\/\/mapeadventures.ch\/wp-content\/gallery\/bruessel06\/thumbs\/thumbs_06DSC00759.jpg?t=1435581105\"\n\t\t\tdata-image-id=\"953\"\n\t\t\tdata-image-name=\"06DSC00759.jpg\"\n\t\t\tdata-title=\"06DSC00759\"\n\t\t\tdata-description=\"Schloss Biebrich am rechten Rheinufer\"\n\t\t\t\t\t\t\t\t\t\t\t\t\t\t\tclass=\"ngg-fancybox\" rel=\"9a60a14d1e108fe62c230c00bbffbdd3\">\n\t\t\t\n\t\t\t<img data-image-id='953'\n\t\t\t\ttitle=\"Schloss Biebrich am rechten Rheinufer\"\n\t\t\t\talt=\"06DSC00759\"\n\t\t\t\tsrc=\"https:\/\/mapeadventures.ch\/wp-content\/gallery\/bruessel06\/06DSC00759.jpg?t=1435581105\"\n\t\t\t\tstyle=\"max-height: 460px;\"\/>\n\t\t<\/a>\n\n\t\t\n\t\t<a href=\"https:\/\/mapeadventures.ch\/wp-content\/gallery\/bruessel06\/06DSC00764.jpg?t=1435581105\"\n\t\t\ttitle=\"Der Schiffsverkehr ist rege auf dem Rhein\"\n\t\t\tdata-src=\"https:\/\/mapeadventures.ch\/wp-content\/gallery\/bruessel06\/06DSC00764.jpg?t=1435581105\"\n\t\t\tdata-thumbnail=\"https:\/\/mapeadventures.ch\/wp-content\/gallery\/bruessel06\/thumbs\/thumbs_06DSC00764.jpg?t=1435581105\"\n\t\t\tdata-image-id=\"954\"\n\t\t\tdata-image-name=\"06DSC00764.jpg\"\n\t\t\tdata-title=\"06DSC00764\"\n\t\t\tdata-description=\"Der Schiffsverkehr ist rege auf dem Rhein\"\n\t\t\t\t\t\t\t\t\t\t\t\t\t\t\tclass=\"ngg-fancybox\" rel=\"9a60a14d1e108fe62c230c00bbffbdd3\">\n\t\t\t\n\t\t\t<img data-image-id='954'\n\t\t\t\ttitle=\"Der Schiffsverkehr ist rege auf dem Rhein\"\n\t\t\t\talt=\"06DSC00764\"\n\t\t\t\tsrc=\"https:\/\/mapeadventures.ch\/wp-content\/gallery\/bruessel06\/06DSC00764.jpg?t=1435581105\"\n\t\t\t\tstyle=\"max-height: 460px;\"\/>\n\t\t<\/a>\n\n\t\t\n\t\t<a href=\"https:\/\/mapeadventures.ch\/wp-content\/gallery\/bruessel06\/06DSC00765.jpg?t=1435581105\"\n\t\t\ttitle=\"Burg Sch\u00f6nburg bei Oberwesel\"\n\t\t\tdata-src=\"https:\/\/mapeadventures.ch\/wp-content\/gallery\/bruessel06\/06DSC00765.jpg?t=1435581105\"\n\t\t\tdata-thumbnail=\"https:\/\/mapeadventures.ch\/wp-content\/gallery\/bruessel06\/thumbs\/thumbs_06DSC00765.jpg?t=1435581105\"\n\t\t\tdata-image-id=\"955\"\n\t\t\tdata-image-name=\"06DSC00765.jpg\"\n\t\t\tdata-title=\"06DSC00765\"\n\t\t\tdata-description=\"Burg Sch\u00f6nburg bei Oberwesel\"\n\t\t\t\t\t\t\t\t\t\t\t\t\t\t\tclass=\"ngg-fancybox\" rel=\"9a60a14d1e108fe62c230c00bbffbdd3\">\n\t\t\t\n\t\t\t<img data-image-id='955'\n\t\t\t\ttitle=\"Burg Sch\u00f6nburg bei Oberwesel\"\n\t\t\t\talt=\"06DSC00765\"\n\t\t\t\tsrc=\"https:\/\/mapeadventures.ch\/wp-content\/gallery\/bruessel06\/06DSC00765.jpg?t=1435581105\"\n\t\t\t\tstyle=\"max-height: 460px;\"\/>\n\t\t<\/a>\n\n\t\t\n\t\t<a href=\"https:\/\/mapeadventures.ch\/wp-content\/gallery\/bruessel06\/06DSC00771.jpg?t=1435581105\"\n\t\t\ttitle=\"Der sagenumwobene Loreley-Fels\"\n\t\t\tdata-src=\"https:\/\/mapeadventures.ch\/wp-content\/gallery\/bruessel06\/06DSC00771.jpg?t=1435581105\"\n\t\t\tdata-thumbnail=\"https:\/\/mapeadventures.ch\/wp-content\/gallery\/bruessel06\/thumbs\/thumbs_06DSC00771.jpg?t=1435581105\"\n\t\t\tdata-image-id=\"956\"\n\t\t\tdata-image-name=\"06DSC00771.jpg\"\n\t\t\tdata-title=\"06DSC00771\"\n\t\t\tdata-description=\"Der sagenumwobene Loreley-Fels\"\n\t\t\t\t\t\t\t\t\t\t\t\t\t\t\tclass=\"ngg-fancybox\" rel=\"9a60a14d1e108fe62c230c00bbffbdd3\">\n\t\t\t\n\t\t\t<img data-image-id='956'\n\t\t\t\ttitle=\"Der sagenumwobene Loreley-Fels\"\n\t\t\t\talt=\"06DSC00771\"\n\t\t\t\tsrc=\"https:\/\/mapeadventures.ch\/wp-content\/gallery\/bruessel06\/06DSC00771.jpg?t=1435581105\"\n\t\t\t\tstyle=\"max-height: 460px;\"\/>\n\t\t<\/a>\n\n\t\t\n\t\t<a href=\"https:\/\/mapeadventures.ch\/wp-content\/gallery\/bruessel06\/06DSC00774.jpg?t=1435581105\"\n\t\t\ttitle=\"Burg Katz bei St. Goarshausen\"\n\t\t\tdata-src=\"https:\/\/mapeadventures.ch\/wp-content\/gallery\/bruessel06\/06DSC00774.jpg?t=1435581105\"\n\t\t\tdata-thumbnail=\"https:\/\/mapeadventures.ch\/wp-content\/gallery\/bruessel06\/thumbs\/thumbs_06DSC00774.jpg?t=1435581105\"\n\t\t\tdata-image-id=\"957\"\n\t\t\tdata-image-name=\"06DSC00774.jpg\"\n\t\t\tdata-title=\"06DSC00774\"\n\t\t\tdata-description=\"Burg Katz bei St. Goarshausen\"\n\t\t\t\t\t\t\t\t\t\t\t\t\t\t\tclass=\"ngg-fancybox\" rel=\"9a60a14d1e108fe62c230c00bbffbdd3\">\n\t\t\t\n\t\t\t<img data-image-id='957'\n\t\t\t\ttitle=\"Burg Katz bei St. Goarshausen\"\n\t\t\t\talt=\"06DSC00774\"\n\t\t\t\tsrc=\"https:\/\/mapeadventures.ch\/wp-content\/gallery\/bruessel06\/06DSC00774.jpg?t=1435581105\"\n\t\t\t\tstyle=\"max-height: 460px;\"\/>\n\t\t<\/a>\n\n\t\t\n\t\t<a href=\"https:\/\/mapeadventures.ch\/wp-content\/gallery\/bruessel06\/06DSC00776.jpg?t=1435581105\"\n\t\t\ttitle=\"Quaianlage in Boppard\"\n\t\t\tdata-src=\"https:\/\/mapeadventures.ch\/wp-content\/gallery\/bruessel06\/06DSC00776.jpg?t=1435581105\"\n\t\t\tdata-thumbnail=\"https:\/\/mapeadventures.ch\/wp-content\/gallery\/bruessel06\/thumbs\/thumbs_06DSC00776.jpg?t=1435581105\"\n\t\t\tdata-image-id=\"958\"\n\t\t\tdata-image-name=\"06DSC00776.jpg\"\n\t\t\tdata-title=\"06DSC00776\"\n\t\t\tdata-description=\"Quaianlage in Boppard\"\n\t\t\t\t\t\t\t\t\t\t\t\t\t\t\tclass=\"ngg-fancybox\" rel=\"9a60a14d1e108fe62c230c00bbffbdd3\">\n\t\t\t\n\t\t\t<img data-image-id='958'\n\t\t\t\ttitle=\"Quaianlage in Boppard\"\n\t\t\t\talt=\"06DSC00776\"\n\t\t\t\tsrc=\"https:\/\/mapeadventures.ch\/wp-content\/gallery\/bruessel06\/06DSC00776.jpg?t=1435581105\"\n\t\t\t\tstyle=\"max-height: 460px;\"\/>\n\t\t<\/a>\n\n\t\t\n\t\t<a href=\"https:\/\/mapeadventures.ch\/wp-content\/gallery\/bruessel06\/06DSC00782.jpg?t=1435581105\"\n\t\t\ttitle=\"Das Deutsche Eck in Koblenz\"\n\t\t\tdata-src=\"https:\/\/mapeadventures.ch\/wp-content\/gallery\/bruessel06\/06DSC00782.jpg?t=1435581105\"\n\t\t\tdata-thumbnail=\"https:\/\/mapeadventures.ch\/wp-content\/gallery\/bruessel06\/thumbs\/thumbs_06DSC00782.jpg?t=1435581105\"\n\t\t\tdata-image-id=\"997\"\n\t\t\tdata-image-name=\"06DSC00782.jpg\"\n\t\t\tdata-title=\"06DSC00782\"\n\t\t\tdata-description=\"Das Deutsche Eck in Koblenz\"\n\t\t\t\t\t\t\t\t\t\t\t\t\t\t\tclass=\"ngg-fancybox\" rel=\"9a60a14d1e108fe62c230c00bbffbdd3\">\n\t\t\t\n\t\t\t<img data-image-id='997'\n\t\t\t\ttitle=\"Das Deutsche Eck in Koblenz\"\n\t\t\t\talt=\"06DSC00782\"\n\t\t\t\tsrc=\"https:\/\/mapeadventures.ch\/wp-content\/gallery\/bruessel06\/06DSC00782.jpg?t=1435581105\"\n\t\t\t\tstyle=\"max-height: 460px;\"\/>\n\t\t<\/a>\n\n\t\t\n\t\t<a href=\"https:\/\/mapeadventures.ch\/wp-content\/gallery\/bruessel06\/06IMG_0628.jpg?t=1435581105\"\n\t\t\ttitle=\"Margrit am Rhein bei Andernach\"\n\t\t\tdata-src=\"https:\/\/mapeadventures.ch\/wp-content\/gallery\/bruessel06\/06IMG_0628.jpg?t=1435581105\"\n\t\t\tdata-thumbnail=\"https:\/\/mapeadventures.ch\/wp-content\/gallery\/bruessel06\/thumbs\/thumbs_06IMG_0628.jpg?t=1435581105\"\n\t\t\tdata-image-id=\"959\"\n\t\t\tdata-image-name=\"06IMG_0628.jpg\"\n\t\t\tdata-title=\"06IMG_0628\"\n\t\t\tdata-description=\"Margrit am Rhein bei Andernach\"\n\t\t\t\t\t\t\t\t\t\t\t\t\t\t\tclass=\"ngg-fancybox\" rel=\"9a60a14d1e108fe62c230c00bbffbdd3\">\n\t\t\t\n\t\t\t<img data-image-id='959'\n\t\t\t\ttitle=\"Margrit am Rhein bei Andernach\"\n\t\t\t\talt=\"06IMG_0628\"\n\t\t\t\tsrc=\"https:\/\/mapeadventures.ch\/wp-content\/gallery\/bruessel06\/06IMG_0628.jpg?t=1435581105\"\n\t\t\t\tstyle=\"max-height: 460px;\"\/>\n\t\t<\/a>\n\n\t\t\n\t\t<a href=\"https:\/\/mapeadventures.ch\/wp-content\/gallery\/bruessel06\/06IMG_0629.jpg?t=1435581105\"\n\t\t\ttitle=\"Rheintor (Kornpforte) in Andernach\"\n\t\t\tdata-src=\"https:\/\/mapeadventures.ch\/wp-content\/gallery\/bruessel06\/06IMG_0629.jpg?t=1435581105\"\n\t\t\tdata-thumbnail=\"https:\/\/mapeadventures.ch\/wp-content\/gallery\/bruessel06\/thumbs\/thumbs_06IMG_0629.jpg?t=1435581105\"\n\t\t\tdata-image-id=\"960\"\n\t\t\tdata-image-name=\"06IMG_0629.jpg\"\n\t\t\tdata-title=\"06IMG_0629\"\n\t\t\tdata-description=\"Rheintor (Kornpforte) in Andernach\"\n\t\t\t\t\t\t\t\t\t\t\t\t\t\t\tclass=\"ngg-fancybox\" rel=\"9a60a14d1e108fe62c230c00bbffbdd3\">\n\t\t\t\n\t\t\t<img data-image-id='960'\n\t\t\t\ttitle=\"Rheintor (Kornpforte) in Andernach\"\n\t\t\t\talt=\"06IMG_0629\"\n\t\t\t\tsrc=\"https:\/\/mapeadventures.ch\/wp-content\/gallery\/bruessel06\/06IMG_0629.jpg?t=1435581105\"\n\t\t\t\tstyle=\"max-height: 460px;\"\/>\n\t\t<\/a>\n\n\t\t<\/div>\n\n\t\t<!-- Thumbnails Link -->\n\t<div class=\"slideshowlink\" style=\"max-width: 640px;\">\n\t\t<a href='https:\/\/mapeadventures.ch\/index.php\/nggallery\/thumbnails?p=1767'>[Show picture list]<\/a>\n\t<\/div>\n\n<\/p>\n<p>Kurz vor halb sieben verlassen wir unser Hotel und fahren zur n\u00e4chsten B\u00e4ckerei, wo wir fein fr\u00fchst\u00fccken. Darauf fahren wir weiter nach Mainz, das wir auf einigen Umwegen erreichen, da Velowege offenbar grunds\u00e4tzlich so gef\u00fchrt werden, dass der Radfahrer alle Sehensw\u00fcrdigkeiten bewundern, alle Verk\u00f6stigungsunternehmen ber\u00fccksichtigen und eventuelle Unterkunftsm\u00f6glichkeiten begutachten kann.<br \/>\nAm Rheinufer in Mainz stehen sch\u00f6ne wei\u00dfe Personenschiffe bereit, die tags\u00fcber Rhein auf- und abw\u00e4rts verkehren und so fr\u00fch am Morgen auf Passagiere warten. Wir nutzen die Gelegenheit und erkundigen uns am Ticketschalter \u00fcber Zielorte und Fahrpreise. Kurze Beratung und der Entschluss ist gefasst: Wir fahren mit der KD (K\u00f6ln-D\u00fcsseldorfer) nach Boppard.<br \/>\nEs bleibt uns noch eine knappe Stunde, um uns in Mainz umzusehen. Wir w\u00e4hlen den Dom als Besichtigungsobjekt und lassen uns von den gigantischen Ausmassen dieses in die Romanik zur\u00fcckreichenden Bauwerks beeindrucken.<br \/>\nAnschlie\u00dfend besteigen wir mit unseren Velos das Schiff, das p\u00fcnktlich ablegt und seine Fahrt Rhein abw\u00e4rts in Angriff nimmt. Vorbei an geschichtstr\u00e4chtigen und sagenumwobenen Orten fahren wir Richtung Boppard. Ein Sprecher erl\u00e4utert die Sehensw\u00fcrdigkeiten in mindestens f\u00fcnf verschiedenen Sprachen, und die fotografierenden Touristen bannen die Dinger auf ihre Speicherkarten. Jedenfalls ist die Fahrt sehr abwechslungsreich. Nat\u00fcrlich wird auch das Loreley-Lied von Heinrich Heine und Friedrich Silcher abgespielt.<br \/>\nKurz vor eins legt das Schiff am Ziel an. Von nun an hei\u00dft es wieder die eigenen Kr\u00e4fte wirken zu lassen. Gest\u00e4rkt mit Rheinwein und einem K\u00f6lsch nehmen wir diese Herausforderung an uns schwingen uns aufs Rad. Unser Ziel ist es, \u00fcber Koblenz hinaus zu kommen.<br \/>\nNach einigen Anlaufschwierigkeiten in dem gro\u00dfen Rheinbogen nach Boppard, sprich Gegenwind, l\u00e4uft es uns wie geschmiert. Wir kommen ph\u00e4nomenal vorw\u00e4rts und legen nur zwei Stopps ein zum Fotografieren. Einmal ist die Landschaft der Grund, ein zweites Mal eine ganze Nilgansfamilie.<br \/>\nDer n\u00e4chste Halt findet beim Deutschen Eck statt, wo die Mosel in den Rhein flie\u00dft und ein monumentales Reiterstandbild Kaiser Wilhelms I. steht. F\u00fcr mich gibt es hier ein Eis, Margrit begn\u00fcgt sich mit Studentenfutter. Die letzten paar Kilometer nach Andernach schaffen wir mit Unterst\u00fctzung des Windes mit Leichtigkeit und finden auf Anhieb ein gutes Hotel mit sehr freundlicher Bedienung. Nach der \u00fcblichen Instandstellung unserer K\u00f6rper erg\u00e4nzen wir die verloren Fl\u00fcssigkeit in Form von Wei\u00dfweinschorle und Bier aus der Region. Und vor dem Nachtessen schauen wir uns den Ort zu Fu\u00df noch etwas an.<\/p>\n<p>&nbsp;<\/p>\n<p><strong>Donnerstag, 11. Juni 2015: <\/strong>Nackenheim \u2013 K\u00f6ln (82 km)<\/p>\n<p>\n<div class=\"ngg-galleryoverview ngg-slideshow\"\n\tid=\"ngg-slideshow-6bbd3c94acffa8929eb203712267758c-19397904240\"\n\tdata-nextgen-gallery-id=\"79\"\n\tdata-gallery-id=\"6bbd3c94acffa8929eb203712267758c\"\n\t\tdata-gallery-name=\"br\u00fcssel07\"\n\t\tstyle=\"max-width: 640px;\n\t\t\tmax-height: 480px;\n\t\t\tdisplay: none;\">\n\n\t\n\t\t<a href=\"https:\/\/mapeadventures.ch\/wp-content\/gallery\/bruessel07\/07DSC00784.jpg?t=1564024104\"\n\t\t\ttitle=\"Blick \u00fcber den Rhein vor Bad Breisig\"\n\t\t\tdata-src=\"https:\/\/mapeadventures.ch\/wp-content\/gallery\/bruessel07\/07DSC00784.jpg?t=1564024104\"\n\t\t\tdata-thumbnail=\"https:\/\/mapeadventures.ch\/wp-content\/gallery\/bruessel07\/thumbs\/thumbs_07DSC00784.jpg?t=1564024104\"\n\t\t\tdata-image-id=\"962\"\n\t\t\tdata-image-name=\"07DSC00784.jpg\"\n\t\t\tdata-title=\"07DSC00784\"\n\t\t\tdata-description=\"Blick \u00fcber den Rhein vor Bad Breisig\"\n\t\t\t\t\t\t\t\t\t\t\t\t\t\t\tclass=\"ngg-fancybox\" rel=\"6bbd3c94acffa8929eb203712267758c\">\n\t\t\t\n\t\t\t<img data-image-id='962'\n\t\t\t\ttitle=\"Blick \u00fcber den Rhein vor Bad Breisig\"\n\t\t\t\talt=\"07DSC00784\"\n\t\t\t\tsrc=\"https:\/\/mapeadventures.ch\/wp-content\/gallery\/bruessel07\/07DSC00784.jpg?t=1564024104\"\n\t\t\t\tstyle=\"max-height: 460px;\"\/>\n\t\t<\/a>\n\n\t\t\n\t\t<a href=\"https:\/\/mapeadventures.ch\/wp-content\/gallery\/bruessel07\/07DSC00785.jpg?t=1435582784\"\n\t\t\ttitle=\"Rechtsseitiger Br\u00fcckenkopf bei Remagen\"\n\t\t\tdata-src=\"https:\/\/mapeadventures.ch\/wp-content\/gallery\/bruessel07\/07DSC00785.jpg?t=1435582784\"\n\t\t\tdata-thumbnail=\"https:\/\/mapeadventures.ch\/wp-content\/gallery\/bruessel07\/thumbs\/thumbs_07DSC00785.jpg?t=1435582784\"\n\t\t\tdata-image-id=\"963\"\n\t\t\tdata-image-name=\"07DSC00785.jpg\"\n\t\t\tdata-title=\"07DSC00785\"\n\t\t\tdata-description=\"Rechtsseitiger Br\u00fcckenkopf bei Remagen\"\n\t\t\t\t\t\t\t\t\t\t\t\t\t\t\tclass=\"ngg-fancybox\" rel=\"6bbd3c94acffa8929eb203712267758c\">\n\t\t\t\n\t\t\t<img data-image-id='963'\n\t\t\t\ttitle=\"Rechtsseitiger Br\u00fcckenkopf bei Remagen\"\n\t\t\t\talt=\"07DSC00785\"\n\t\t\t\tsrc=\"https:\/\/mapeadventures.ch\/wp-content\/gallery\/bruessel07\/07DSC00785.jpg?t=1435582784\"\n\t\t\t\tstyle=\"max-height: 460px;\"\/>\n\t\t<\/a>\n\n\t\t\n\t\t<a href=\"https:\/\/mapeadventures.ch\/wp-content\/gallery\/bruessel07\/07DSC00786.jpg?t=1435582784\"\n\t\t\ttitle=\"Br\u00fccke von Remagen\"\n\t\t\tdata-src=\"https:\/\/mapeadventures.ch\/wp-content\/gallery\/bruessel07\/07DSC00786.jpg?t=1435582784\"\n\t\t\tdata-thumbnail=\"https:\/\/mapeadventures.ch\/wp-content\/gallery\/bruessel07\/thumbs\/thumbs_07DSC00786.jpg?t=1435582784\"\n\t\t\tdata-image-id=\"967\"\n\t\t\tdata-image-name=\"07DSC00786.jpg\"\n\t\t\tdata-title=\"07DSC00786\"\n\t\t\tdata-description=\"Br\u00fccke von Remagen\"\n\t\t\t\t\t\t\t\t\t\t\t\t\t\t\tclass=\"ngg-fancybox\" rel=\"6bbd3c94acffa8929eb203712267758c\">\n\t\t\t\n\t\t\t<img data-image-id='967'\n\t\t\t\ttitle=\"Br\u00fccke von Remagen\"\n\t\t\t\talt=\"07DSC00786\"\n\t\t\t\tsrc=\"https:\/\/mapeadventures.ch\/wp-content\/gallery\/bruessel07\/07DSC00786.jpg?t=1435582784\"\n\t\t\t\tstyle=\"max-height: 460px;\"\/>\n\t\t<\/a>\n\n\t\t\n\t\t<a href=\"https:\/\/mapeadventures.ch\/wp-content\/gallery\/bruessel07\/07DSC00787.jpg?t=1435582784\"\n\t\t\ttitle=\"Friedensmuseum in Remagen (Linkkseitiger Br\u00fcckenkopf)\"\n\t\t\tdata-src=\"https:\/\/mapeadventures.ch\/wp-content\/gallery\/bruessel07\/07DSC00787.jpg?t=1435582784\"\n\t\t\tdata-thumbnail=\"https:\/\/mapeadventures.ch\/wp-content\/gallery\/bruessel07\/thumbs\/thumbs_07DSC00787.jpg?t=1435582784\"\n\t\t\tdata-image-id=\"966\"\n\t\t\tdata-image-name=\"07DSC00787.jpg\"\n\t\t\tdata-title=\"07DSC00787\"\n\t\t\tdata-description=\"Friedensmuseum in Remagen (Linkkseitiger Br\u00fcckenkopf)\"\n\t\t\t\t\t\t\t\t\t\t\t\t\t\t\tclass=\"ngg-fancybox\" rel=\"6bbd3c94acffa8929eb203712267758c\">\n\t\t\t\n\t\t\t<img data-image-id='966'\n\t\t\t\ttitle=\"Friedensmuseum in Remagen (Linkkseitiger Br\u00fcckenkopf)\"\n\t\t\t\talt=\"07DSC00787\"\n\t\t\t\tsrc=\"https:\/\/mapeadventures.ch\/wp-content\/gallery\/bruessel07\/07DSC00787.jpg?t=1435582784\"\n\t\t\t\tstyle=\"max-height: 460px;\"\/>\n\t\t<\/a>\n\n\t\t\n\t\t<a href=\"https:\/\/mapeadventures.ch\/wp-content\/gallery\/bruessel07\/07DSC00789.jpg?t=1435582784\"\n\t\t\ttitle=\"Schloss Drachenfels bei Rh\u00f6ndorf\"\n\t\t\tdata-src=\"https:\/\/mapeadventures.ch\/wp-content\/gallery\/bruessel07\/07DSC00789.jpg?t=1435582784\"\n\t\t\tdata-thumbnail=\"https:\/\/mapeadventures.ch\/wp-content\/gallery\/bruessel07\/thumbs\/thumbs_07DSC00789.jpg?t=1435582784\"\n\t\t\tdata-image-id=\"965\"\n\t\t\tdata-image-name=\"07DSC00789.jpg\"\n\t\t\tdata-title=\"07DSC00789\"\n\t\t\tdata-description=\"Schloss Drachenfels bei Rh\u00f6ndorf\"\n\t\t\t\t\t\t\t\t\t\t\t\t\t\t\tclass=\"ngg-fancybox\" rel=\"6bbd3c94acffa8929eb203712267758c\">\n\t\t\t\n\t\t\t<img data-image-id='965'\n\t\t\t\ttitle=\"Schloss Drachenfels bei Rh\u00f6ndorf\"\n\t\t\t\talt=\"07DSC00789\"\n\t\t\t\tsrc=\"https:\/\/mapeadventures.ch\/wp-content\/gallery\/bruessel07\/07DSC00789.jpg?t=1435582784\"\n\t\t\t\tstyle=\"max-height: 460px;\"\/>\n\t\t<\/a>\n\n\t\t\n\t\t<a href=\"https:\/\/mapeadventures.ch\/wp-content\/gallery\/bruessel07\/07DSC00793.jpg?t=1435582784\"\n\t\t\ttitle=\"K\u00f6lner Dom\"\n\t\t\tdata-src=\"https:\/\/mapeadventures.ch\/wp-content\/gallery\/bruessel07\/07DSC00793.jpg?t=1435582784\"\n\t\t\tdata-thumbnail=\"https:\/\/mapeadventures.ch\/wp-content\/gallery\/bruessel07\/thumbs\/thumbs_07DSC00793.jpg?t=1435582784\"\n\t\t\tdata-image-id=\"964\"\n\t\t\tdata-image-name=\"07DSC00793.jpg\"\n\t\t\tdata-title=\"07DSC00793\"\n\t\t\tdata-description=\"K\u00f6lner Dom\"\n\t\t\t\t\t\t\t\t\t\t\t\t\t\t\tclass=\"ngg-fancybox\" rel=\"6bbd3c94acffa8929eb203712267758c\">\n\t\t\t\n\t\t\t<img data-image-id='964'\n\t\t\t\ttitle=\"K\u00f6lner Dom\"\n\t\t\t\talt=\"07DSC00793\"\n\t\t\t\tsrc=\"https:\/\/mapeadventures.ch\/wp-content\/gallery\/bruessel07\/07DSC00793.jpg?t=1435582784\"\n\t\t\t\tstyle=\"max-height: 460px;\"\/>\n\t\t<\/a>\n\n\t\t<\/div>\n\n\t\t<!-- Thumbnails Link -->\n\t<div class=\"slideshowlink\" style=\"max-width: 640px;\">\n\t\t<a href='https:\/\/mapeadventures.ch\/index.php\/nggallery\/thumbnails?p=1767'>[Show picture list]<\/a>\n\t<\/div>\n\n<\/p>\n<p>Heute gibt es erst um acht Uhr Fr\u00fchst\u00fcck, so sind wir etwas sp\u00e4ter dran. Wir kommen aber schnell in Fahrt: Das Wetter ist pr\u00e4chtig und der Wind meint es mehrheitlich gut mit uns. Wir kommen z\u00fcgig voran.<br \/>\nIn Remagen stehen auf beiden Seiten noch die Br\u00fcckenk\u00f6pfe des\u00a0Rhein\u00fcbergangs, den die amerikanischen Truppen im M\u00e4rz 1945 benutzten, um den Rhein zu \u00fcberqueren, also ein historischer Ort. Heute besteht hier zur Erinnerung an die schrecklichen Ereignisse von 1945 ein Friedensmuseum. Wir gehen allerdings nicht hinein.<br \/>\nIn Bonn machen wir Mittagspause. Ich gehe auf dem Markt u.a. frische Erdbeeren und Kirschen kaufen, w\u00e4hrend Margrit am Rheinufer wartet. Dann picknicken wir zusammen im Schatten auf einer Bank. Eine weitere Pause schalten wir in einem Caf\u00e9 bei der F\u00e4hre nach Mondorf ein.<br \/>\nDarauf geht\u2019s im Eilzugtempo auf K\u00f6ln zu, das wir ca. um 15 Uhr erreichen. Dort gehen wir direkt zu Touristeninformation und bekommen ganz nahe ein gutes und g\u00fcnstiges Hotel zugewiesen. Allerdings k\u00f6nnen wir da die Velos nicht einstellen, so dass wir sie am Bahnhof bei der Fahrradstation einstellen m\u00fcssen. Diese Prozedur l\u00e4uft schnell und unkompliziert ab, so stehen wir schon bald unter der Dusche und k\u00f6nnen darauf in einem Stra\u00dfencaf\u00e9 das erste K\u00f6lsch trinken, nach der hei\u00dfen Radfahrt eine angenehme Form des Fl\u00fcssigkeitsausleichs. Wir besichtigen den imposanten Dom und genie\u00dfen sp\u00e4ter unser Nachtessen in der Fu\u00dfg\u00e4ngerzone in einem Strassenrestaurant.<\/p>\n<p>&nbsp;<\/p>\n<p><strong>Freitag, 12. Juni 2015: <\/strong>K\u00f6ln &#8211; Alsdorf (93 km)<\/p>\n<p><em>Keine Fotos vorhanden, da es immer wieder regnete!<\/em><\/p>\n<p>Nach dem Fr\u00fchst\u00fcck packen wir unsere Sachen in Sagoschen, Rucksack und Lenkertaschen, f\u00fcllen unsere Flaschen mit frischem Wasser und fahren damit mit dem altert\u00fcmlichen Hotellift hinunter in die Rezeption. Wir stellen unser Gep\u00e4ck in das speziell ausgestattete K\u00e4mmerlein und gehen zur Velostation beim Bahnhof, wo wir unsere Velos unbesch\u00e4digt herausl\u00f6sen. Weiter geht es nun zur\u00fcck zum Hotel, Gep\u00e4ck aufschnallen und Start in die Ungewissheit. Das Radwegsystem ist zwar gut durchdacht, aber irgendwie funktioniert es doch nicht so, wie ich mir das vorgestellt habe. Es gibt in der Landschaft verstreute Infopunkte mit einer Nummer und einer geografischen Karte mit einem Ausschnitt der Region. Wegweiser mit der entsprechenden Nummer, mit einem Nahziel und einem Fernziel versehen stehen am Weg. Nun fehlt aber pl\u00f6tzlich wieder eines der Ziele oder die Nummer oder dann ist der Infopunkt irgendwo hinter einem Busch versteckt oder irgendein Spa\u00dfvogel hat die Wegweiser gedreht. Jedenfalls fahren wir immer wieder falsch und machen gro\u00dfe Umwege. Und so erreichen wir halt unser vorgenommenes Ziel nicht.<br \/>\nWir brechen unsere Fahrt in Alsdorf ab, nachdem wir l\u00e4ngere Zeit unter einem sch\u00fctzenden Dach verbracht haben, und suchen dort ein Hotel, was sich als nicht ganz einfach erweist. Da es noch immer ums Regnen herum macht, w\u00e4ren wir froh, ein Dach \u00fcber dem Kopf zu haben. Der erste Tipp eines Einheimischen erweist sich als falsch, da dieses Haus geschlossen ist. Der zweite Tipp trifft ebenfalls nicht zu, da hier Wohnungen sind, aber kein Hotelbetrieb. Eine dritte und vierte befragte Person geben dann die entscheidenden Tipps. Die freundliche Rezeptionistin beeilt sich dann, so dass wir und unsere Velos gerade vor dem Einsetzen eines heftigen Gewitterregens unter Dach sind. Sie gibt uns auch die Adresse eines kleinen italienischen Restaurants an, wo wir ein feines Nachtessen genie\u00dfen.<\/p>\n<p>&nbsp;<\/p>\n<p><strong>Samstag, 13. Juni 2015:<\/strong> Alsdorf \u2013 Maastricht (54 km)<\/p>\n<p>\n<div class=\"ngg-galleryoverview ngg-slideshow\"\n\tid=\"ngg-slideshow-37d119f4d12e94b239f9ddbdba7957be-16849055960\"\n\tdata-nextgen-gallery-id=\"80\"\n\tdata-gallery-id=\"37d119f4d12e94b239f9ddbdba7957be\"\n\t\tdata-gallery-name=\"br\u00fcssel09\"\n\t\tstyle=\"max-width: 640px;\n\t\t\tmax-height: 480px;\n\t\t\tdisplay: none;\">\n\n\t\n\t\t<a href=\"https:\/\/mapeadventures.ch\/wp-content\/gallery\/bruessel09\/09DSC00798.jpg?t=1558154140\"\n\t\t\ttitle=\"Burg Oud Valkenburg\"\n\t\t\tdata-src=\"https:\/\/mapeadventures.ch\/wp-content\/gallery\/bruessel09\/09DSC00798.jpg?t=1558154140\"\n\t\t\tdata-thumbnail=\"https:\/\/mapeadventures.ch\/wp-content\/gallery\/bruessel09\/thumbs\/thumbs_09DSC00798.jpg?t=1558154140\"\n\t\t\tdata-image-id=\"968\"\n\t\t\tdata-image-name=\"09DSC00798.jpg\"\n\t\t\tdata-title=\"09DSC00798\"\n\t\t\tdata-description=\"Burg Oud Valkenburg\"\n\t\t\t\t\t\t\t\t\t\t\t\t\t\t\tclass=\"ngg-fancybox\" rel=\"37d119f4d12e94b239f9ddbdba7957be\">\n\t\t\t\n\t\t\t<img data-image-id='968'\n\t\t\t\ttitle=\"Burg Oud Valkenburg\"\n\t\t\t\talt=\"09DSC00798\"\n\t\t\t\tsrc=\"https:\/\/mapeadventures.ch\/wp-content\/gallery\/bruessel09\/09DSC00798.jpg?t=1558154140\"\n\t\t\t\tstyle=\"max-height: 460px;\"\/>\n\t\t<\/a>\n\n\t\t\n\t\t<a href=\"https:\/\/mapeadventures.ch\/wp-content\/gallery\/bruessel09\/09DSC00800.jpg?t=1435585364\"\n\t\t\ttitle=\"Die Maas in Maastricht\"\n\t\t\tdata-src=\"https:\/\/mapeadventures.ch\/wp-content\/gallery\/bruessel09\/09DSC00800.jpg?t=1435585364\"\n\t\t\tdata-thumbnail=\"https:\/\/mapeadventures.ch\/wp-content\/gallery\/bruessel09\/thumbs\/thumbs_09DSC00800.jpg?t=1435585364\"\n\t\t\tdata-image-id=\"969\"\n\t\t\tdata-image-name=\"09DSC00800.jpg\"\n\t\t\tdata-title=\"09DSC00800\"\n\t\t\tdata-description=\"Die Maas in Maastricht\"\n\t\t\t\t\t\t\t\t\t\t\t\t\t\t\tclass=\"ngg-fancybox\" rel=\"37d119f4d12e94b239f9ddbdba7957be\">\n\t\t\t\n\t\t\t<img data-image-id='969'\n\t\t\t\ttitle=\"Die Maas in Maastricht\"\n\t\t\t\talt=\"09DSC00800\"\n\t\t\t\tsrc=\"https:\/\/mapeadventures.ch\/wp-content\/gallery\/bruessel09\/09DSC00800.jpg?t=1435585364\"\n\t\t\t\tstyle=\"max-height: 460px;\"\/>\n\t\t<\/a>\n\n\t\t\n\t\t<a href=\"https:\/\/mapeadventures.ch\/wp-content\/gallery\/bruessel09\/09DSC00801.jpg?t=1435585364\"\n\t\t\ttitle=\"Maasbr\u00fccke in Maastricht\"\n\t\t\tdata-src=\"https:\/\/mapeadventures.ch\/wp-content\/gallery\/bruessel09\/09DSC00801.jpg?t=1435585364\"\n\t\t\tdata-thumbnail=\"https:\/\/mapeadventures.ch\/wp-content\/gallery\/bruessel09\/thumbs\/thumbs_09DSC00801.jpg?t=1435585364\"\n\t\t\tdata-image-id=\"970\"\n\t\t\tdata-image-name=\"09DSC00801.jpg\"\n\t\t\tdata-title=\"09DSC00801\"\n\t\t\tdata-description=\"Maasbr\u00fccke in Maastricht\"\n\t\t\t\t\t\t\t\t\t\t\t\t\t\t\tclass=\"ngg-fancybox\" rel=\"37d119f4d12e94b239f9ddbdba7957be\">\n\t\t\t\n\t\t\t<img data-image-id='970'\n\t\t\t\ttitle=\"Maasbr\u00fccke in Maastricht\"\n\t\t\t\talt=\"09DSC00801\"\n\t\t\t\tsrc=\"https:\/\/mapeadventures.ch\/wp-content\/gallery\/bruessel09\/09DSC00801.jpg?t=1435585364\"\n\t\t\t\tstyle=\"max-height: 460px;\"\/>\n\t\t<\/a>\n\n\t\t\n\t\t<a href=\"https:\/\/mapeadventures.ch\/wp-content\/gallery\/bruessel09\/09DSC00803.jpg?t=1548783325\"\n\t\t\ttitle=\"St. Servatiusbasilika in Maastricht\"\n\t\t\tdata-src=\"https:\/\/mapeadventures.ch\/wp-content\/gallery\/bruessel09\/09DSC00803.jpg?t=1548783325\"\n\t\t\tdata-thumbnail=\"https:\/\/mapeadventures.ch\/wp-content\/gallery\/bruessel09\/thumbs\/thumbs_09DSC00803.jpg?t=1548783325\"\n\t\t\tdata-image-id=\"971\"\n\t\t\tdata-image-name=\"09DSC00803.jpg\"\n\t\t\tdata-title=\"09DSC00803\"\n\t\t\tdata-description=\"St. Servatiusbasilika in Maastricht\"\n\t\t\t\t\t\t\t\t\t\t\t\t\t\t\tclass=\"ngg-fancybox\" rel=\"37d119f4d12e94b239f9ddbdba7957be\">\n\t\t\t\n\t\t\t<img data-image-id='971'\n\t\t\t\ttitle=\"St. Servatiusbasilika in Maastricht\"\n\t\t\t\talt=\"09DSC00803\"\n\t\t\t\tsrc=\"https:\/\/mapeadventures.ch\/wp-content\/gallery\/bruessel09\/09DSC00803.jpg?t=1548783325\"\n\t\t\t\tstyle=\"max-height: 460px;\"\/>\n\t\t<\/a>\n\n\t\t\n\t\t<a href=\"https:\/\/mapeadventures.ch\/wp-content\/gallery\/bruessel09\/09DSC00804.jpg?t=1435585364\"\n\t\t\ttitle=\"Strassencaf\u00e9 in Maastricht\"\n\t\t\tdata-src=\"https:\/\/mapeadventures.ch\/wp-content\/gallery\/bruessel09\/09DSC00804.jpg?t=1435585364\"\n\t\t\tdata-thumbnail=\"https:\/\/mapeadventures.ch\/wp-content\/gallery\/bruessel09\/thumbs\/thumbs_09DSC00804.jpg?t=1435585364\"\n\t\t\tdata-image-id=\"972\"\n\t\t\tdata-image-name=\"09DSC00804.jpg\"\n\t\t\tdata-title=\"09DSC00804\"\n\t\t\tdata-description=\"Strassencaf\u00e9 in Maastricht\"\n\t\t\t\t\t\t\t\t\t\t\t\t\t\t\tclass=\"ngg-fancybox\" rel=\"37d119f4d12e94b239f9ddbdba7957be\">\n\t\t\t\n\t\t\t<img data-image-id='972'\n\t\t\t\ttitle=\"Strassencaf\u00e9 in Maastricht\"\n\t\t\t\talt=\"09DSC00804\"\n\t\t\t\tsrc=\"https:\/\/mapeadventures.ch\/wp-content\/gallery\/bruessel09\/09DSC00804.jpg?t=1435585364\"\n\t\t\t\tstyle=\"max-height: 460px;\"\/>\n\t\t<\/a>\n\n\t\t<\/div>\n\n\t\t<!-- Thumbnails Link -->\n\t<div class=\"slideshowlink\" style=\"max-width: 640px;\">\n\t\t<a href='https:\/\/mapeadventures.ch\/index.php\/nggallery\/thumbnails?p=1767'>[Show picture list]<\/a>\n\t<\/div>\n\n<\/p>\n<p>Heute gehen wir in einer B\u00e4ckerei fr\u00fchst\u00fccken, da im Hotel erst ab neun Morgenessen bereitgestellt wird. Es regnet, zwar ganz leicht, aber stetig, und der Regen nimmt zu. Wir folgen wieder mal sch\u00f6n den Wegweisern. Das niederl\u00e4ndische Kerkrade, das wir als erstes anfahren wollen, steht auch auf dem Wegweiser. Die immer wieder auftauchenden Schilder, dass wir uns auf dem Radweg befinden, best\u00e4rken uns in der Annahme, dass wir auf dem richtigen Weg sind. Es geht hinauf, durch den Wald, auf Naturstr\u00e4sschen, wieder hinunter. Es regnet immer st\u00e4rker, was wir im Wald nicht bemerken. So suchen wir, als wir aus dem Wald kommen, einen Unterstand und finden ihn in Form eines Bush\u00e4uschens. Wie der Regen etwas nachl\u00e4sst, fahren wir weiter. Es geht ganz sch\u00f6n bergab, und dann sind wir beim n\u00e4chsten Infopunkt. Da steht aber nichts mehr von Kerkrade. Ein vorbeikommender Spazierg\u00e4nger mit zwei Hunden erkl\u00e4rt uns den Weg: Es geht wieder ziemlich weit aufw\u00e4rts, und dabei h\u00e4tten wir das alles in viel k\u00fcrzerer Zeit machen k\u00f6nnen. Und es regnet immer noch. Ab diesem Zeitpunkt geht es aber mit unserer Moral wieder aufw\u00e4rts, denn wir erreichen jetzt unser Zwischenziel. \u00dcbrigens ist hier spannend, dass die H\u00e4user auf der einen Seite der Neuen Stra\u00dfe auf deutschem, die auf der anderen Seite auf niederl\u00e4ndischem Boden sind.<br \/>\nLeider m\u00fcssen wir aber schon bald wieder unterstehen und\u00a0 kommen dabei mit einer \u00e4lteren Frau ins Gespr\u00e4ch, die sich bitter \u00fcber die Politik in ihrem Land beklagt. Sie spricht von Rentenk\u00fcrzungen und der unheilvollen Personenfreiz\u00fcgigkeit, die einerseits f\u00fcr diese Ma\u00dfnahme verantwortlich sei, andererseits aber auch eine steigende Kriminalit\u00e4t und Unsicherheit mit sich bringe.<br \/>\nNachdem sich dann endlich gegen Mittag die Sonne zeigt und wir unsere Regensch\u00fctze versorgen k\u00f6nnen, treffen wir in Oud Valkenburg ein. Da befindet sich ein wundersch\u00f6nes Schloss mit einem Gartenrestaurant. Wir trinken und essen hier etwas und lassen uns unsere vom k\u00fchlen Regen steif gewordenen Glieder trocknen und aufw\u00e4rmen.<br \/>\nJetzt geht es eigentlich recht z\u00fcgig Richtung Maastricht. Allerdings bremst uns noch eine ziemlich heftige Steigung nach Berg hinauf. Mit kr\u00e4ftigem Seiten- und Gegenwind erreichen wir unseren heutigen \u00dcbernachtungsort Maastricht und finden erst nach einigem Suchen und nach Absagen ein Hotel.<\/p>\n<p>&nbsp;<\/p>\n<p><strong>Sonntag, 14. Juni 2015: <\/strong>Maastricht<strong> \u2013 <\/strong>Br\u00fcssel (124 km)<\/p>\n<p>\n<div class=\"ngg-galleryoverview ngg-slideshow\"\n\tid=\"ngg-slideshow-a09a5ae8dc46ad8438ad4febb51ea24c-15322377160\"\n\tdata-nextgen-gallery-id=\"81\"\n\tdata-gallery-id=\"a09a5ae8dc46ad8438ad4febb51ea24c\"\n\t\tdata-gallery-name=\"br\u00fcssel10\"\n\t\tstyle=\"max-width: 640px;\n\t\t\tmax-height: 480px;\n\t\t\tdisplay: none;\">\n\n\t\n\t\t<a href=\"https:\/\/mapeadventures.ch\/wp-content\/gallery\/bruessel10\/10DSC00805.jpg?t=1494976708\"\n\t\t\ttitle=\"Freizeithafen bei Hasselt (B)\"\n\t\t\tdata-src=\"https:\/\/mapeadventures.ch\/wp-content\/gallery\/bruessel10\/10DSC00805.jpg?t=1494976708\"\n\t\t\tdata-thumbnail=\"https:\/\/mapeadventures.ch\/wp-content\/gallery\/bruessel10\/thumbs\/thumbs_10DSC00805.jpg?t=1494976708\"\n\t\t\tdata-image-id=\"973\"\n\t\t\tdata-image-name=\"10DSC00805.jpg\"\n\t\t\tdata-title=\"10DSC00805\"\n\t\t\tdata-description=\"Freizeithafen bei Hasselt (B)\"\n\t\t\t\t\t\t\t\t\t\t\t\t\t\t\tclass=\"ngg-fancybox\" rel=\"a09a5ae8dc46ad8438ad4febb51ea24c\">\n\t\t\t\n\t\t\t<img data-image-id='973'\n\t\t\t\ttitle=\"Freizeithafen bei Hasselt (B)\"\n\t\t\t\talt=\"10DSC00805\"\n\t\t\t\tsrc=\"https:\/\/mapeadventures.ch\/wp-content\/gallery\/bruessel10\/10DSC00805.jpg?t=1494976708\"\n\t\t\t\tstyle=\"max-height: 460px;\"\/>\n\t\t<\/a>\n\n\t\t\n\t\t<a href=\"https:\/\/mapeadventures.ch\/wp-content\/gallery\/bruessel10\/10DSC00809.jpg?t=1435585767\"\n\t\t\ttitle=\"Auf der N2 zwischen Diest und Leuwen\"\n\t\t\tdata-src=\"https:\/\/mapeadventures.ch\/wp-content\/gallery\/bruessel10\/10DSC00809.jpg?t=1435585767\"\n\t\t\tdata-thumbnail=\"https:\/\/mapeadventures.ch\/wp-content\/gallery\/bruessel10\/thumbs\/thumbs_10DSC00809.jpg?t=1435585767\"\n\t\t\tdata-image-id=\"974\"\n\t\t\tdata-image-name=\"10DSC00809.jpg\"\n\t\t\tdata-title=\"10DSC00809\"\n\t\t\tdata-description=\"Auf der N2 zwischen Diest und Leuwen\"\n\t\t\t\t\t\t\t\t\t\t\t\t\t\t\tclass=\"ngg-fancybox\" rel=\"a09a5ae8dc46ad8438ad4febb51ea24c\">\n\t\t\t\n\t\t\t<img data-image-id='974'\n\t\t\t\ttitle=\"Auf der N2 zwischen Diest und Leuwen\"\n\t\t\t\talt=\"10DSC00809\"\n\t\t\t\tsrc=\"https:\/\/mapeadventures.ch\/wp-content\/gallery\/bruessel10\/10DSC00809.jpg?t=1435585767\"\n\t\t\t\tstyle=\"max-height: 460px;\"\/>\n\t\t<\/a>\n\n\t\t<\/div>\n\n\t\t<!-- Thumbnails Link -->\n\t<div class=\"slideshowlink\" style=\"max-width: 640px;\">\n\t\t<a href='https:\/\/mapeadventures.ch\/index.php\/nggallery\/thumbnails?p=1767'>[Show picture list]<\/a>\n\t<\/div>\n\n<\/p>\n<p>Da heute das Morgenessen im Hotel bereits ab sieben serviert wird, nutzen wir die Gelegenheit. Denn am Morgen weht der Westwind gem\u00e4\u00df Wetterbericht noch moderat, am Nachmittag ist st\u00e4rkerer Wind angesagt. So machen wir uns bei gutem Wetter und guten Bedingungen auf den Weg. Die Ausfahrt aus der Stadt haben wir auf Google Maps gut studiert und finden die richtigen Wege auf Anhieb. Nun folgen wir dem Prinz Albert Kanal zuerst Richtung Norden und dann Richtung Westen. Wir kommen gut voran und verlassen die Kanal-Route kurz nach der Passage durch Hasselt. Von da an klemmt es aber mit den Veloweg-markierungen. Da die N2 einen gut markierten und vom motorisierten Verkehr klar getrennten Radstreifen aufweist, verwenden wir diesen und kommen so gut voran. Kurz vor Diest picknicken wir und fahren darauf weiter. Ab Diest ist aber der Radstreifen unmittelbar neben dem Fahrstreifen des motorisierten Verkehrs gelegen, und die vorbei fahrenden Autos nehmen zu. In Leuwen w\u00e4hlen wir den Veloweg Richtung Br\u00fcssel und stossen auf eine Besonderheit. Auf einem vert\u00e4uten Frachtschiff befinden sich Tische und B\u00e4nke an Deck, ein Steg zum Schiff ist montiert, am Ufer stehen viele R\u00e4der und \u00fcberall sitzen und stehen Leute und lutschen Eis. Clevere junge Leute haben hier ein Eiscaf\u00e9 er\u00f6ffnet, und das scheint bei den \u00e4lteren Semestern und bei den Jungen anzukommen. Der rege Besuch best\u00e4tigt\u00a0 diese Annahme. So kann ich\u00a0 nicht widerstehen und kaufe mir auch ein Eis und Margrit einen Espresso.<br \/>\nEigentlich dachten wir im Voraus daran, in Leuwen oder Umgebung zu \u00fcbernachten. Aber dazu ist es wirklich noch zu fr\u00fch, und so fahren wir weiter. Aber diese Weiterfahrt gestaltet sich unerwarteterweise schwieriger als gedacht, denn der Wind meint es gar nicht gut mit uns. So fordern die letzten paar km unser Durchstehverm\u00f6gen. Schlie\u00dflich schaffen wir es dann doch noch unsere Unterkunft bei unserem Neffen zu erreichen. Todm\u00fcde, aber total zufrieden mit dem Tagesergebnis stellen wir uns unter die Dusche, erfrischen uns und besuchen noch ein \u00a0Restaurant mit belgischen Spezialit\u00e4ten, wobei da ein Bier nicht fehlen darf.<\/p>\n<p>&nbsp;<\/p>\n<p><strong>Montag, 15. Juni 2015: <\/strong>Br\u00fcssel<\/p>\n<p>\n<div class=\"ngg-galleryoverview ngg-slideshow\"\n\tid=\"ngg-slideshow-7acbd0a28d0b508e863667e25af57fc2-19783546470\"\n\tdata-nextgen-gallery-id=\"82\"\n\tdata-gallery-id=\"7acbd0a28d0b508e863667e25af57fc2\"\n\t\tdata-gallery-name=\"br\u00fcssel11\"\n\t\tstyle=\"max-width: 640px;\n\t\t\tmax-height: 480px;\n\t\t\tdisplay: none;\">\n\n\t\n\t\t<a href=\"https:\/\/mapeadventures.ch\/wp-content\/gallery\/bruessel11\/11DSC00810.jpg?t=1435592708\"\n\t\t\ttitle=\"Museum f\u00fcr Kunst und Geschichte im Jubelpark Br\u00fcssel\"\n\t\t\tdata-src=\"https:\/\/mapeadventures.ch\/wp-content\/gallery\/bruessel11\/11DSC00810.jpg?t=1435592708\"\n\t\t\tdata-thumbnail=\"https:\/\/mapeadventures.ch\/wp-content\/gallery\/bruessel11\/thumbs\/thumbs_11DSC00810.jpg?t=1435592708\"\n\t\t\tdata-image-id=\"975\"\n\t\t\tdata-image-name=\"11DSC00810.jpg\"\n\t\t\tdata-title=\"11DSC00810\"\n\t\t\tdata-description=\"Museum f\u00fcr Kunst und Geschichte im Jubelpark Br\u00fcssel\"\n\t\t\t\t\t\t\t\t\t\t\t\t\t\t\tclass=\"ngg-fancybox\" rel=\"7acbd0a28d0b508e863667e25af57fc2\">\n\t\t\t\n\t\t\t<img data-image-id='975'\n\t\t\t\ttitle=\"Museum f\u00fcr Kunst und Geschichte im Jubelpark Br\u00fcssel\"\n\t\t\t\talt=\"11DSC00810\"\n\t\t\t\tsrc=\"https:\/\/mapeadventures.ch\/wp-content\/gallery\/bruessel11\/11DSC00810.jpg?t=1435592708\"\n\t\t\t\tstyle=\"max-height: 460px;\"\/>\n\t\t<\/a>\n\n\t\t\n\t\t<a href=\"https:\/\/mapeadventures.ch\/wp-content\/gallery\/bruessel11\/11DSC00813.jpg?t=1435588845\"\n\t\t\ttitle=\"Eine der vielen EU-Bauen\"\n\t\t\tdata-src=\"https:\/\/mapeadventures.ch\/wp-content\/gallery\/bruessel11\/11DSC00813.jpg?t=1435588845\"\n\t\t\tdata-thumbnail=\"https:\/\/mapeadventures.ch\/wp-content\/gallery\/bruessel11\/thumbs\/thumbs_11DSC00813.jpg?t=1435588845\"\n\t\t\tdata-image-id=\"976\"\n\t\t\tdata-image-name=\"11DSC00813.jpg\"\n\t\t\tdata-title=\"11DSC00813\"\n\t\t\tdata-description=\"Eine der vielen EU-Bauen\"\n\t\t\t\t\t\t\t\t\t\t\t\t\t\t\tclass=\"ngg-fancybox\" rel=\"7acbd0a28d0b508e863667e25af57fc2\">\n\t\t\t\n\t\t\t<img data-image-id='976'\n\t\t\t\ttitle=\"Eine der vielen EU-Bauen\"\n\t\t\t\talt=\"11DSC00813\"\n\t\t\t\tsrc=\"https:\/\/mapeadventures.ch\/wp-content\/gallery\/bruessel11\/11DSC00813.jpg?t=1435588845\"\n\t\t\t\tstyle=\"max-height: 460px;\"\/>\n\t\t<\/a>\n\n\t\t\n\t\t<a href=\"https:\/\/mapeadventures.ch\/wp-content\/gallery\/bruessel11\/11DSC00817.jpg?t=1435588845\"\n\t\t\ttitle=\"Platz in der N\u00e4he der Grand&#039;Place\"\n\t\t\tdata-src=\"https:\/\/mapeadventures.ch\/wp-content\/gallery\/bruessel11\/11DSC00817.jpg?t=1435588845\"\n\t\t\tdata-thumbnail=\"https:\/\/mapeadventures.ch\/wp-content\/gallery\/bruessel11\/thumbs\/thumbs_11DSC00817.jpg?t=1435588845\"\n\t\t\tdata-image-id=\"977\"\n\t\t\tdata-image-name=\"11DSC00817.jpg\"\n\t\t\tdata-title=\"11DSC00817\"\n\t\t\tdata-description=\"Platz in der N\u00e4he der Grand&#039;Place\"\n\t\t\t\t\t\t\t\t\t\t\t\t\t\t\tclass=\"ngg-fancybox\" rel=\"7acbd0a28d0b508e863667e25af57fc2\">\n\t\t\t\n\t\t\t<img data-image-id='977'\n\t\t\t\ttitle=\"Platz in der N\u00e4he der Grand&#039;Place\"\n\t\t\t\talt=\"11DSC00817\"\n\t\t\t\tsrc=\"https:\/\/mapeadventures.ch\/wp-content\/gallery\/bruessel11\/11DSC00817.jpg?t=1435588845\"\n\t\t\t\tstyle=\"max-height: 460px;\"\/>\n\t\t<\/a>\n\n\t\t\n\t\t<a href=\"https:\/\/mapeadventures.ch\/wp-content\/gallery\/bruessel11\/11DSC00821.jpg?t=1435588845\"\n\t\t\ttitle=\"Zunfth\u00e4user an der Grand&#039;Place\"\n\t\t\tdata-src=\"https:\/\/mapeadventures.ch\/wp-content\/gallery\/bruessel11\/11DSC00821.jpg?t=1435588845\"\n\t\t\tdata-thumbnail=\"https:\/\/mapeadventures.ch\/wp-content\/gallery\/bruessel11\/thumbs\/thumbs_11DSC00821.jpg?t=1435588845\"\n\t\t\tdata-image-id=\"978\"\n\t\t\tdata-image-name=\"11DSC00821.jpg\"\n\t\t\tdata-title=\"11DSC00821\"\n\t\t\tdata-description=\"Zunfth\u00e4user an der Grand&#039;Place\"\n\t\t\t\t\t\t\t\t\t\t\t\t\t\t\tclass=\"ngg-fancybox\" rel=\"7acbd0a28d0b508e863667e25af57fc2\">\n\t\t\t\n\t\t\t<img data-image-id='978'\n\t\t\t\ttitle=\"Zunfth\u00e4user an der Grand&#039;Place\"\n\t\t\t\talt=\"11DSC00821\"\n\t\t\t\tsrc=\"https:\/\/mapeadventures.ch\/wp-content\/gallery\/bruessel11\/11DSC00821.jpg?t=1435588845\"\n\t\t\t\tstyle=\"max-height: 460px;\"\/>\n\t\t<\/a>\n\n\t\t\n\t\t<a href=\"https:\/\/mapeadventures.ch\/wp-content\/gallery\/bruessel11\/11DSC00827.jpg?t=1435588845\"\n\t\t\ttitle=\"Gotisches Rathaus an der Grand&#039;Place\"\n\t\t\tdata-src=\"https:\/\/mapeadventures.ch\/wp-content\/gallery\/bruessel11\/11DSC00827.jpg?t=1435588845\"\n\t\t\tdata-thumbnail=\"https:\/\/mapeadventures.ch\/wp-content\/gallery\/bruessel11\/thumbs\/thumbs_11DSC00827.jpg?t=1435588845\"\n\t\t\tdata-image-id=\"979\"\n\t\t\tdata-image-name=\"11DSC00827.jpg\"\n\t\t\tdata-title=\"11DSC00827\"\n\t\t\tdata-description=\"Gotisches Rathaus an der Grand&#039;Place\"\n\t\t\t\t\t\t\t\t\t\t\t\t\t\t\tclass=\"ngg-fancybox\" rel=\"7acbd0a28d0b508e863667e25af57fc2\">\n\t\t\t\n\t\t\t<img data-image-id='979'\n\t\t\t\ttitle=\"Gotisches Rathaus an der Grand&#039;Place\"\n\t\t\t\talt=\"11DSC00827\"\n\t\t\t\tsrc=\"https:\/\/mapeadventures.ch\/wp-content\/gallery\/bruessel11\/11DSC00827.jpg?t=1435588845\"\n\t\t\t\tstyle=\"max-height: 460px;\"\/>\n\t\t<\/a>\n\n\t\t\n\t\t<a href=\"https:\/\/mapeadventures.ch\/wp-content\/gallery\/bruessel11\/11DSC00831.jpg?t=1435588845\"\n\t\t\ttitle=\"Das Wahrzeichen Br\u00fcssels, heute in Uniform\"\n\t\t\tdata-src=\"https:\/\/mapeadventures.ch\/wp-content\/gallery\/bruessel11\/11DSC00831.jpg?t=1435588845\"\n\t\t\tdata-thumbnail=\"https:\/\/mapeadventures.ch\/wp-content\/gallery\/bruessel11\/thumbs\/thumbs_11DSC00831.jpg?t=1435588845\"\n\t\t\tdata-image-id=\"980\"\n\t\t\tdata-image-name=\"11DSC00831.jpg\"\n\t\t\tdata-title=\"11DSC00831\"\n\t\t\tdata-description=\"Das Wahrzeichen Br\u00fcssels, heute in Uniform\"\n\t\t\t\t\t\t\t\t\t\t\t\t\t\t\tclass=\"ngg-fancybox\" rel=\"7acbd0a28d0b508e863667e25af57fc2\">\n\t\t\t\n\t\t\t<img data-image-id='980'\n\t\t\t\ttitle=\"Das Wahrzeichen Br\u00fcssels, heute in Uniform\"\n\t\t\t\talt=\"11DSC00831\"\n\t\t\t\tsrc=\"https:\/\/mapeadventures.ch\/wp-content\/gallery\/bruessel11\/11DSC00831.jpg?t=1435588845\"\n\t\t\t\tstyle=\"max-height: 460px;\"\/>\n\t\t<\/a>\n\n\t\t\n\t\t<a href=\"https:\/\/mapeadventures.ch\/wp-content\/gallery\/bruessel11\/11DSC00833.jpg?t=1435588845\"\n\t\t\ttitle=\"Blick vom Kunstberg Richtung Rathaus\"\n\t\t\tdata-src=\"https:\/\/mapeadventures.ch\/wp-content\/gallery\/bruessel11\/11DSC00833.jpg?t=1435588845\"\n\t\t\tdata-thumbnail=\"https:\/\/mapeadventures.ch\/wp-content\/gallery\/bruessel11\/thumbs\/thumbs_11DSC00833.jpg?t=1435588845\"\n\t\t\tdata-image-id=\"981\"\n\t\t\tdata-image-name=\"11DSC00833.jpg\"\n\t\t\tdata-title=\"11DSC00833\"\n\t\t\tdata-description=\"Blick vom Kunstberg Richtung Rathaus\"\n\t\t\t\t\t\t\t\t\t\t\t\t\t\t\tclass=\"ngg-fancybox\" rel=\"7acbd0a28d0b508e863667e25af57fc2\">\n\t\t\t\n\t\t\t<img data-image-id='981'\n\t\t\t\ttitle=\"Blick vom Kunstberg Richtung Rathaus\"\n\t\t\t\talt=\"11DSC00833\"\n\t\t\t\tsrc=\"https:\/\/mapeadventures.ch\/wp-content\/gallery\/bruessel11\/11DSC00833.jpg?t=1435588845\"\n\t\t\t\tstyle=\"max-height: 460px;\"\/>\n\t\t<\/a>\n\n\t\t\n\t\t<a href=\"https:\/\/mapeadventures.ch\/wp-content\/gallery\/bruessel11\/11DSC00836.jpg?t=1435588845\"\n\t\t\ttitle=\"K\u00f6nigspalast\"\n\t\t\tdata-src=\"https:\/\/mapeadventures.ch\/wp-content\/gallery\/bruessel11\/11DSC00836.jpg?t=1435588845\"\n\t\t\tdata-thumbnail=\"https:\/\/mapeadventures.ch\/wp-content\/gallery\/bruessel11\/thumbs\/thumbs_11DSC00836.jpg?t=1435588845\"\n\t\t\tdata-image-id=\"982\"\n\t\t\tdata-image-name=\"11DSC00836.jpg\"\n\t\t\tdata-title=\"11DSC00836\"\n\t\t\tdata-description=\"K\u00f6nigspalast\"\n\t\t\t\t\t\t\t\t\t\t\t\t\t\t\tclass=\"ngg-fancybox\" rel=\"7acbd0a28d0b508e863667e25af57fc2\">\n\t\t\t\n\t\t\t<img data-image-id='982'\n\t\t\t\ttitle=\"K\u00f6nigspalast\"\n\t\t\t\talt=\"11DSC00836\"\n\t\t\t\tsrc=\"https:\/\/mapeadventures.ch\/wp-content\/gallery\/bruessel11\/11DSC00836.jpg?t=1435588845\"\n\t\t\t\tstyle=\"max-height: 460px;\"\/>\n\t\t<\/a>\n\n\t\t<\/div>\n\n\t\t<!-- Thumbnails Link -->\n\t<div class=\"slideshowlink\" style=\"max-width: 640px;\">\n\t\t<a href='https:\/\/mapeadventures.ch\/index.php\/nggallery\/thumbnails?p=1767'>[Show picture list]<\/a>\n\t<\/div>\n\n<\/p>\n<p>Wir schlafen aus, gehen dann gem\u00fctlich zu Fu\u00df zu einem Supermarkt und kaufen da das Fr\u00fchst\u00fcck und weitere Lebensmittel ein. Wieder \u201ezu Hause\u201c genie\u00dfen wir die mitgebrachten Sachen. Anschlie\u00dfend bringen wir den Haushalt in Ordnung, und dann steht eine erste Besichtigungstour zu Fu\u00df an. Wir marschieren Richtung Grand\u2019Place, ein total spannender und sagenhaft gestalteter Platz im Zentrum Br\u00fcssels. Da \u00a0steht das gotische Rathaus mit einer riesigen Anzahl Statuen, aus Stein gemei\u00dfelt, da stehen verschiedene andere H\u00e4user mit sp\u00e4ter entstandenen und reich verzierten Fassaden: Eine fantastische Augenweide! Wir lassen die Eindr\u00fccke auf uns einwirken, foto- und videografieren. In einem nahe gelegenen Restaurant genie\u00dfen wir einen Imbiss. F\u00fcr mich stehen Moules Marini\u00e8res auf dem Programm, denn hier in Br\u00fcssel an der Grand\u2019Place habe ich vor 45 oder 46 Jahren solche das erste Mal in meinem Leben gegessen. Und sie schmeckten mir damals schon.<br \/>\nAm Nachmittag besuchen wir noch die k\u00f6niglichen G\u00e4rten und den K\u00f6nigspalast. Anschlie\u00dfend befassen wir uns mit der Organisation unsere Heimreise. Dazu marschieren wir zur Gare du Midi. Nach einigem Anstehen gelangen wir an einen sehr kompetenten Schalterbeamten, der uns ausgezeichnet ber\u00e4t und uns die Tickets f\u00fcr uns und unsere Velos von Br\u00fcssel nach Basel ausstellt. Zufrieden gehen wir \u201enach Hause\u201c, kaufen auf dem Weg noch ein und bereiten nun das Nachtessen f\u00fcr uns und unseren Gastgeber Fabian zu, der erst um 23 Uhr nach Hause kommt. Mit Spargel, K\u00e4se und einem Els\u00e4sser Wein lassen wir den Tag ausklingen.<\/p>\n<p>&nbsp;<\/p>\n<p><strong>Dienstag, 16. Juni 2015:<\/strong> Br\u00fcssel<\/p>\n<p>\n<div class=\"ngg-galleryoverview ngg-slideshow\"\n\tid=\"ngg-slideshow-7d0310d9d1d35be4a74bd3c70fd74f76-1963200350\"\n\tdata-nextgen-gallery-id=\"83\"\n\tdata-gallery-id=\"7d0310d9d1d35be4a74bd3c70fd74f76\"\n\t\tdata-gallery-name=\"br\u00fcssel12\"\n\t\tstyle=\"max-width: 640px;\n\t\t\tmax-height: 480px;\n\t\t\tdisplay: none;\">\n\n\t\n\t\t<a href=\"https:\/\/mapeadventures.ch\/wp-content\/gallery\/bruessel12\/12DSC00841.jpg?t=1564019632\"\n\t\t\ttitle=\"Triumphbogen beim Jubelpark\"\n\t\t\tdata-src=\"https:\/\/mapeadventures.ch\/wp-content\/gallery\/bruessel12\/12DSC00841.jpg?t=1564019632\"\n\t\t\tdata-thumbnail=\"https:\/\/mapeadventures.ch\/wp-content\/gallery\/bruessel12\/thumbs\/thumbs_12DSC00841.jpg?t=1564019632\"\n\t\t\tdata-image-id=\"983\"\n\t\t\tdata-image-name=\"12DSC00841.jpg\"\n\t\t\tdata-title=\"12DSC00841\"\n\t\t\tdata-description=\"Triumphbogen beim Jubelpark\"\n\t\t\t\t\t\t\t\t\t\t\t\t\t\t\tclass=\"ngg-fancybox\" rel=\"7d0310d9d1d35be4a74bd3c70fd74f76\">\n\t\t\t\n\t\t\t<img data-image-id='983'\n\t\t\t\ttitle=\"Triumphbogen beim Jubelpark\"\n\t\t\t\talt=\"12DSC00841\"\n\t\t\t\tsrc=\"https:\/\/mapeadventures.ch\/wp-content\/gallery\/bruessel12\/12DSC00841.jpg?t=1564019632\"\n\t\t\t\tstyle=\"max-height: 460px;\"\/>\n\t\t<\/a>\n\n\t\t\n\t\t<a href=\"https:\/\/mapeadventures.ch\/wp-content\/gallery\/bruessel12\/12DSC00846.jpg?t=1435589148\"\n\t\t\ttitle=\"Das Atomium: Wahrzeichen der Weltausstellung 1958\"\n\t\t\tdata-src=\"https:\/\/mapeadventures.ch\/wp-content\/gallery\/bruessel12\/12DSC00846.jpg?t=1435589148\"\n\t\t\tdata-thumbnail=\"https:\/\/mapeadventures.ch\/wp-content\/gallery\/bruessel12\/thumbs\/thumbs_12DSC00846.jpg?t=1435589148\"\n\t\t\tdata-image-id=\"984\"\n\t\t\tdata-image-name=\"12DSC00846.jpg\"\n\t\t\tdata-title=\"12DSC00846\"\n\t\t\tdata-description=\"Das Atomium: Wahrzeichen der Weltausstellung 1958\"\n\t\t\t\t\t\t\t\t\t\t\t\t\t\t\tclass=\"ngg-fancybox\" rel=\"7d0310d9d1d35be4a74bd3c70fd74f76\">\n\t\t\t\n\t\t\t<img data-image-id='984'\n\t\t\t\ttitle=\"Das Atomium: Wahrzeichen der Weltausstellung 1958\"\n\t\t\t\talt=\"12DSC00846\"\n\t\t\t\tsrc=\"https:\/\/mapeadventures.ch\/wp-content\/gallery\/bruessel12\/12DSC00846.jpg?t=1435589148\"\n\t\t\t\tstyle=\"max-height: 460px;\"\/>\n\t\t<\/a>\n\n\t\t\n\t\t<a href=\"https:\/\/mapeadventures.ch\/wp-content\/gallery\/bruessel12\/12DSC00850.jpg?t=1435589148\"\n\t\t\ttitle=\"Blick aus der obersten Kugel des Atomiums auf Br\u00fcssel\"\n\t\t\tdata-src=\"https:\/\/mapeadventures.ch\/wp-content\/gallery\/bruessel12\/12DSC00850.jpg?t=1435589148\"\n\t\t\tdata-thumbnail=\"https:\/\/mapeadventures.ch\/wp-content\/gallery\/bruessel12\/thumbs\/thumbs_12DSC00850.jpg?t=1435589148\"\n\t\t\tdata-image-id=\"985\"\n\t\t\tdata-image-name=\"12DSC00850.jpg\"\n\t\t\tdata-title=\"12DSC00850\"\n\t\t\tdata-description=\"Blick aus der obersten Kugel des Atomiums auf Br\u00fcssel\"\n\t\t\t\t\t\t\t\t\t\t\t\t\t\t\tclass=\"ngg-fancybox\" rel=\"7d0310d9d1d35be4a74bd3c70fd74f76\">\n\t\t\t\n\t\t\t<img data-image-id='985'\n\t\t\t\ttitle=\"Blick aus der obersten Kugel des Atomiums auf Br\u00fcssel\"\n\t\t\t\talt=\"12DSC00850\"\n\t\t\t\tsrc=\"https:\/\/mapeadventures.ch\/wp-content\/gallery\/bruessel12\/12DSC00850.jpg?t=1435589148\"\n\t\t\t\tstyle=\"max-height: 460px;\"\/>\n\t\t<\/a>\n\n\t\t\n\t\t<a href=\"https:\/\/mapeadventures.ch\/wp-content\/gallery\/bruessel12\/12DSC00853.jpg?t=1435589148\"\n\t\t\ttitle=\"Eine imposante Architektur\"\n\t\t\tdata-src=\"https:\/\/mapeadventures.ch\/wp-content\/gallery\/bruessel12\/12DSC00853.jpg?t=1435589148\"\n\t\t\tdata-thumbnail=\"https:\/\/mapeadventures.ch\/wp-content\/gallery\/bruessel12\/thumbs\/thumbs_12DSC00853.jpg?t=1435589148\"\n\t\t\tdata-image-id=\"986\"\n\t\t\tdata-image-name=\"12DSC00853.jpg\"\n\t\t\tdata-title=\"12DSC00853\"\n\t\t\tdata-description=\"Eine imposante Architektur\"\n\t\t\t\t\t\t\t\t\t\t\t\t\t\t\tclass=\"ngg-fancybox\" rel=\"7d0310d9d1d35be4a74bd3c70fd74f76\">\n\t\t\t\n\t\t\t<img data-image-id='986'\n\t\t\t\ttitle=\"Eine imposante Architektur\"\n\t\t\t\talt=\"12DSC00853\"\n\t\t\t\tsrc=\"https:\/\/mapeadventures.ch\/wp-content\/gallery\/bruessel12\/12DSC00853.jpg?t=1435589148\"\n\t\t\t\tstyle=\"max-height: 460px;\"\/>\n\t\t<\/a>\n\n\t\t\n\t\t<a href=\"https:\/\/mapeadventures.ch\/wp-content\/gallery\/bruessel12\/12DSC00857.jpg?t=1435589148\"\n\t\t\ttitle=\"Kathedrale St. Michael und St. Gudula\"\n\t\t\tdata-src=\"https:\/\/mapeadventures.ch\/wp-content\/gallery\/bruessel12\/12DSC00857.jpg?t=1435589148\"\n\t\t\tdata-thumbnail=\"https:\/\/mapeadventures.ch\/wp-content\/gallery\/bruessel12\/thumbs\/thumbs_12DSC00857.jpg?t=1435589148\"\n\t\t\tdata-image-id=\"987\"\n\t\t\tdata-image-name=\"12DSC00857.jpg\"\n\t\t\tdata-title=\"12DSC00857\"\n\t\t\tdata-description=\"Kathedrale St. Michael und St. Gudula\"\n\t\t\t\t\t\t\t\t\t\t\t\t\t\t\tclass=\"ngg-fancybox\" rel=\"7d0310d9d1d35be4a74bd3c70fd74f76\">\n\t\t\t\n\t\t\t<img data-image-id='987'\n\t\t\t\ttitle=\"Kathedrale St. Michael und St. Gudula\"\n\t\t\t\talt=\"12DSC00857\"\n\t\t\t\tsrc=\"https:\/\/mapeadventures.ch\/wp-content\/gallery\/bruessel12\/12DSC00857.jpg?t=1435589148\"\n\t\t\t\tstyle=\"max-height: 460px;\"\/>\n\t\t<\/a>\n\n\t\t\n\t\t<a href=\"https:\/\/mapeadventures.ch\/wp-content\/gallery\/bruessel12\/12NAnanassalat.jpg?t=1435589148\"\n\t\t\ttitle=\"Der vietnamesische Ananassalat f\u00fcr Margrit\"\n\t\t\tdata-src=\"https:\/\/mapeadventures.ch\/wp-content\/gallery\/bruessel12\/12NAnanassalat.jpg?t=1435589148\"\n\t\t\tdata-thumbnail=\"https:\/\/mapeadventures.ch\/wp-content\/gallery\/bruessel12\/thumbs\/thumbs_12NAnanassalat.jpg?t=1435589148\"\n\t\t\tdata-image-id=\"988\"\n\t\t\tdata-image-name=\"12NAnanassalat.jpg\"\n\t\t\tdata-title=\"12NAnanassalat\"\n\t\t\tdata-description=\"Der vietnamesische Ananassalat f\u00fcr Margrit\"\n\t\t\t\t\t\t\t\t\t\t\t\t\t\t\tclass=\"ngg-fancybox\" rel=\"7d0310d9d1d35be4a74bd3c70fd74f76\">\n\t\t\t\n\t\t\t<img data-image-id='988'\n\t\t\t\ttitle=\"Der vietnamesische Ananassalat f\u00fcr Margrit\"\n\t\t\t\talt=\"12NAnanassalat\"\n\t\t\t\tsrc=\"https:\/\/mapeadventures.ch\/wp-content\/gallery\/bruessel12\/12NAnanassalat.jpg?t=1435589148\"\n\t\t\t\tstyle=\"max-height: 460px;\"\/>\n\t\t<\/a>\n\n\t\t<\/div>\n\n\t\t<!-- Thumbnails Link -->\n\t<div class=\"slideshowlink\" style=\"max-width: 640px;\">\n\t\t<a href='https:\/\/mapeadventures.ch\/index.php\/nggallery\/thumbnails?p=1767'>[Show picture list]<\/a>\n\t<\/div>\n\n<\/p>\n<p>Heute ist schon der zweite Tag der Velo-Abstinenz. Nach etwas l\u00e4ngerem Schlafen und einem einfachen Fr\u00fchst\u00fcck fahren wir mit dem Tram 7 von der Place Montgomery zum Heysel-Stadion und besichtigen das Atomium. Es wurde als Wahrzeichen der Weltausstellung von 1958 in Br\u00fcssel errichtet und dient heute als Erinnerungsst\u00fcck und Ausstellungsraum. Wir genie\u00dfen den sehr sch\u00f6nen Ausblick von der Aussichtsplattform und besichtigen die zugeh\u00f6rige Ausstellung, die allerdings etwas antiquiert anmutet. Sie gibt aber einen guten Einblick in die Planung und Ausf\u00fchrung dieses f\u00fcr die damalige Zeit sehr fortschrittlichen Bauwerks. Eine weitere Ausstellung befasst sich mit Licht und Photonen und allerlei Aspekte rund um dieses Thema. Zudem pr\u00e4sentieren in einer der Kugeln belgische K\u00fcnstler ihre Werke.<br \/>\nAm Nachmittag kehren wir mit der Metro ins Zentrum zur\u00fcck und besichtigen die Kathedrale, statten der Grand\u2019Place nochmals einen Besuch ab, schauen uns die Comics-Ausstellung im Museum of Original Figurines an und probieren selbstverst\u00e4ndlich auch das bekannte und viel gesch\u00e4tzte belgische Bier (Trappisten- und Wei\u00dfbier). So ein Stadtbummel macht einfach m\u00fcde. Wir gehen zur\u00fcck zu unserem Nachtquartier, holen uns noch eine Jacke und gehen dann zum Nachtessen an die Place de Jourdan, wo wir\u2019s dieses Mal in einem vietnamesischen Restaurant probieren. Und wirklich, es lohnt sich, wir bekommen zwei sch\u00f6ne Teller mit einerseits einem Ananassalat und meinerseits einer vietnamesischen Reispfanne, die mir sehr gut schmeckt. Nun erwarten wir noch Fabian, um mit ihm zusammen bei einem Gl\u00e4schen Wein den Tag zu beschlie\u00dfen. Der kommt aber so sp\u00e4t von der Arbeit, dass wir uns bereits vor seiner Ankunft aufs Ohr legen.<\/p>\n<p><strong>\u00a0<\/strong><\/p>\n<p><strong>Mittwoch, 17. Juni 2015:<\/strong> Br\u00fcssel<\/p>\n<p>\n<div class=\"ngg-galleryoverview ngg-slideshow\"\n\tid=\"ngg-slideshow-a9a6ac312bddb8f500b599d5b723662d-752833340\"\n\tdata-nextgen-gallery-id=\"84\"\n\tdata-gallery-id=\"a9a6ac312bddb8f500b599d5b723662d\"\n\t\tdata-gallery-name=\"br\u00fcssel13\"\n\t\tstyle=\"max-width: 640px;\n\t\t\tmax-height: 480px;\n\t\t\tdisplay: none;\">\n\n\t\n\t\t<a href=\"https:\/\/mapeadventures.ch\/wp-content\/gallery\/bruessel13\/13DSC00866.jpg?t=1553641063\"\n\t\t\ttitle=\"Das EU-Parlament von aussen\"\n\t\t\tdata-src=\"https:\/\/mapeadventures.ch\/wp-content\/gallery\/bruessel13\/13DSC00866.jpg?t=1553641063\"\n\t\t\tdata-thumbnail=\"https:\/\/mapeadventures.ch\/wp-content\/gallery\/bruessel13\/thumbs\/thumbs_13DSC00866.jpg?t=1553641063\"\n\t\t\tdata-image-id=\"989\"\n\t\t\tdata-image-name=\"13DSC00866.jpg\"\n\t\t\tdata-title=\"13DSC00866\"\n\t\t\tdata-description=\"Das EU-Parlament von aussen\"\n\t\t\t\t\t\t\t\t\t\t\t\t\t\t\tclass=\"ngg-fancybox\" rel=\"a9a6ac312bddb8f500b599d5b723662d\">\n\t\t\t\n\t\t\t<img data-image-id='989'\n\t\t\t\ttitle=\"Das EU-Parlament von aussen\"\n\t\t\t\talt=\"13DSC00866\"\n\t\t\t\tsrc=\"https:\/\/mapeadventures.ch\/wp-content\/gallery\/bruessel13\/13DSC00866.jpg?t=1553641063\"\n\t\t\t\tstyle=\"max-height: 460px;\"\/>\n\t\t<\/a>\n\n\t\t\n\t\t<a href=\"https:\/\/mapeadventures.ch\/wp-content\/gallery\/bruessel13\/13DSC00869.jpg?t=1435589958\"\n\t\t\ttitle=\"Fahnenwald vor dem EU-Parlament\"\n\t\t\tdata-src=\"https:\/\/mapeadventures.ch\/wp-content\/gallery\/bruessel13\/13DSC00869.jpg?t=1435589958\"\n\t\t\tdata-thumbnail=\"https:\/\/mapeadventures.ch\/wp-content\/gallery\/bruessel13\/thumbs\/thumbs_13DSC00869.jpg?t=1435589958\"\n\t\t\tdata-image-id=\"990\"\n\t\t\tdata-image-name=\"13DSC00869.jpg\"\n\t\t\tdata-title=\"13DSC00869\"\n\t\t\tdata-description=\"Fahnenwald vor dem EU-Parlament\"\n\t\t\t\t\t\t\t\t\t\t\t\t\t\t\tclass=\"ngg-fancybox\" rel=\"a9a6ac312bddb8f500b599d5b723662d\">\n\t\t\t\n\t\t\t<img data-image-id='990'\n\t\t\t\ttitle=\"Fahnenwald vor dem EU-Parlament\"\n\t\t\t\talt=\"13DSC00869\"\n\t\t\t\tsrc=\"https:\/\/mapeadventures.ch\/wp-content\/gallery\/bruessel13\/13DSC00869.jpg?t=1435589958\"\n\t\t\t\tstyle=\"max-height: 460px;\"\/>\n\t\t<\/a>\n\n\t\t\n\t\t<a href=\"https:\/\/mapeadventures.ch\/wp-content\/gallery\/bruessel13\/13DSC00878.jpg?t=1435589958\"\n\t\t\ttitle=\"Die Place de Luxemburg mit EU-Parlament im Hintergrund\"\n\t\t\tdata-src=\"https:\/\/mapeadventures.ch\/wp-content\/gallery\/bruessel13\/13DSC00878.jpg?t=1435589958\"\n\t\t\tdata-thumbnail=\"https:\/\/mapeadventures.ch\/wp-content\/gallery\/bruessel13\/thumbs\/thumbs_13DSC00878.jpg?t=1435589958\"\n\t\t\tdata-image-id=\"991\"\n\t\t\tdata-image-name=\"13DSC00878.jpg\"\n\t\t\tdata-title=\"13DSC00878\"\n\t\t\tdata-description=\"Die Place de Luxemburg mit EU-Parlament im Hintergrund\"\n\t\t\t\t\t\t\t\t\t\t\t\t\t\t\tclass=\"ngg-fancybox\" rel=\"a9a6ac312bddb8f500b599d5b723662d\">\n\t\t\t\n\t\t\t<img data-image-id='991'\n\t\t\t\ttitle=\"Die Place de Luxemburg mit EU-Parlament im Hintergrund\"\n\t\t\t\talt=\"13DSC00878\"\n\t\t\t\tsrc=\"https:\/\/mapeadventures.ch\/wp-content\/gallery\/bruessel13\/13DSC00878.jpg?t=1435589958\"\n\t\t\t\tstyle=\"max-height: 460px;\"\/>\n\t\t<\/a>\n\n\t\t\n\t\t<a href=\"https:\/\/mapeadventures.ch\/wp-content\/gallery\/bruessel13\/13DSC00879.jpg?t=1435589958\"\n\t\t\ttitle=\"Das &quot;br\u00fcchige&quot; EU-Denkmal beim EU-Parlament\"\n\t\t\tdata-src=\"https:\/\/mapeadventures.ch\/wp-content\/gallery\/bruessel13\/13DSC00879.jpg?t=1435589958\"\n\t\t\tdata-thumbnail=\"https:\/\/mapeadventures.ch\/wp-content\/gallery\/bruessel13\/thumbs\/thumbs_13DSC00879.jpg?t=1435589958\"\n\t\t\tdata-image-id=\"992\"\n\t\t\tdata-image-name=\"13DSC00879.jpg\"\n\t\t\tdata-title=\"13DSC00879\"\n\t\t\tdata-description=\"Das &quot;br\u00fcchige&quot; EU-Denkmal beim EU-Parlament\"\n\t\t\t\t\t\t\t\t\t\t\t\t\t\t\tclass=\"ngg-fancybox\" rel=\"a9a6ac312bddb8f500b599d5b723662d\">\n\t\t\t\n\t\t\t<img data-image-id='992'\n\t\t\t\ttitle=\"Das &quot;br\u00fcchige&quot; EU-Denkmal beim EU-Parlament\"\n\t\t\t\talt=\"13DSC00879\"\n\t\t\t\tsrc=\"https:\/\/mapeadventures.ch\/wp-content\/gallery\/bruessel13\/13DSC00879.jpg?t=1435589958\"\n\t\t\t\tstyle=\"max-height: 460px;\"\/>\n\t\t<\/a>\n\n\t\t\n\t\t<a href=\"https:\/\/mapeadventures.ch\/wp-content\/gallery\/bruessel13\/13DSC00880.jpg?t=1435589958\"\n\t\t\ttitle=\"Im Treppenhaus des EU_Parlaments\"\n\t\t\tdata-src=\"https:\/\/mapeadventures.ch\/wp-content\/gallery\/bruessel13\/13DSC00880.jpg?t=1435589958\"\n\t\t\tdata-thumbnail=\"https:\/\/mapeadventures.ch\/wp-content\/gallery\/bruessel13\/thumbs\/thumbs_13DSC00880.jpg?t=1435589958\"\n\t\t\tdata-image-id=\"993\"\n\t\t\tdata-image-name=\"13DSC00880.jpg\"\n\t\t\tdata-title=\"13DSC00880\"\n\t\t\tdata-description=\"Im Treppenhaus des EU_Parlaments\"\n\t\t\t\t\t\t\t\t\t\t\t\t\t\t\tclass=\"ngg-fancybox\" rel=\"a9a6ac312bddb8f500b599d5b723662d\">\n\t\t\t\n\t\t\t<img data-image-id='993'\n\t\t\t\ttitle=\"Im Treppenhaus des EU_Parlaments\"\n\t\t\t\talt=\"13DSC00880\"\n\t\t\t\tsrc=\"https:\/\/mapeadventures.ch\/wp-content\/gallery\/bruessel13\/13DSC00880.jpg?t=1435589958\"\n\t\t\t\tstyle=\"max-height: 460px;\"\/>\n\t\t<\/a>\n\n\t\t\n\t\t<a href=\"https:\/\/mapeadventures.ch\/wp-content\/gallery\/bruessel13\/13DSC00881.jpg?t=1435589958\"\n\t\t\ttitle=\"Blick von den Besucherr\u00e4ngen in den Plenarsaal des EU-Parlaments\"\n\t\t\tdata-src=\"https:\/\/mapeadventures.ch\/wp-content\/gallery\/bruessel13\/13DSC00881.jpg?t=1435589958\"\n\t\t\tdata-thumbnail=\"https:\/\/mapeadventures.ch\/wp-content\/gallery\/bruessel13\/thumbs\/thumbs_13DSC00881.jpg?t=1435589958\"\n\t\t\tdata-image-id=\"994\"\n\t\t\tdata-image-name=\"13DSC00881.jpg\"\n\t\t\tdata-title=\"13DSC00881\"\n\t\t\tdata-description=\"Blick von den Besucherr\u00e4ngen in den Plenarsaal des EU-Parlaments\"\n\t\t\t\t\t\t\t\t\t\t\t\t\t\t\tclass=\"ngg-fancybox\" rel=\"a9a6ac312bddb8f500b599d5b723662d\">\n\t\t\t\n\t\t\t<img data-image-id='994'\n\t\t\t\ttitle=\"Blick von den Besucherr\u00e4ngen in den Plenarsaal des EU-Parlaments\"\n\t\t\t\talt=\"13DSC00881\"\n\t\t\t\tsrc=\"https:\/\/mapeadventures.ch\/wp-content\/gallery\/bruessel13\/13DSC00881.jpg?t=1435589958\"\n\t\t\t\tstyle=\"max-height: 460px;\"\/>\n\t\t<\/a>\n\n\t\t\n\t\t<a href=\"https:\/\/mapeadventures.ch\/wp-content\/gallery\/bruessel13\/13foto.jpg?t=1435589958\"\n\t\t\ttitle=\"Blick vom Platz neben dem Justizpalast Richtung NW\"\n\t\t\tdata-src=\"https:\/\/mapeadventures.ch\/wp-content\/gallery\/bruessel13\/13foto.jpg?t=1435589958\"\n\t\t\tdata-thumbnail=\"https:\/\/mapeadventures.ch\/wp-content\/gallery\/bruessel13\/thumbs\/thumbs_13foto.jpg?t=1435589958\"\n\t\t\tdata-image-id=\"995\"\n\t\t\tdata-image-name=\"13foto.jpg\"\n\t\t\tdata-title=\"13foto\"\n\t\t\tdata-description=\"Blick vom Platz neben dem Justizpalast Richtung NW\"\n\t\t\t\t\t\t\t\t\t\t\t\t\t\t\tclass=\"ngg-fancybox\" rel=\"a9a6ac312bddb8f500b599d5b723662d\">\n\t\t\t\n\t\t\t<img data-image-id='995'\n\t\t\t\ttitle=\"Blick vom Platz neben dem Justizpalast Richtung NW\"\n\t\t\t\talt=\"13foto\"\n\t\t\t\tsrc=\"https:\/\/mapeadventures.ch\/wp-content\/gallery\/bruessel13\/13foto.jpg?t=1435589958\"\n\t\t\t\tstyle=\"max-height: 460px;\"\/>\n\t\t<\/a>\n\n\t\t\n\t\t<a href=\"https:\/\/mapeadventures.ch\/wp-content\/gallery\/bruessel13\/13IMG_0661.jpg?t=1435589958\"\n\t\t\ttitle=\"Manneken Pis ohne Uniform\"\n\t\t\tdata-src=\"https:\/\/mapeadventures.ch\/wp-content\/gallery\/bruessel13\/13IMG_0661.jpg?t=1435589958\"\n\t\t\tdata-thumbnail=\"https:\/\/mapeadventures.ch\/wp-content\/gallery\/bruessel13\/thumbs\/thumbs_13IMG_0661.jpg?t=1435589958\"\n\t\t\tdata-image-id=\"996\"\n\t\t\tdata-image-name=\"13IMG_0661.jpg\"\n\t\t\tdata-title=\"13IMG_0661\"\n\t\t\tdata-description=\"Manneken Pis ohne Uniform\"\n\t\t\t\t\t\t\t\t\t\t\t\t\t\t\tclass=\"ngg-fancybox\" rel=\"a9a6ac312bddb8f500b599d5b723662d\">\n\t\t\t\n\t\t\t<img data-image-id='996'\n\t\t\t\ttitle=\"Manneken Pis ohne Uniform\"\n\t\t\t\talt=\"13IMG_0661\"\n\t\t\t\tsrc=\"https:\/\/mapeadventures.ch\/wp-content\/gallery\/bruessel13\/13IMG_0661.jpg?t=1435589958\"\n\t\t\t\tstyle=\"max-height: 460px;\"\/>\n\t\t<\/a>\n\n\t\t<\/div>\n\n\t\t<!-- Thumbnails Link -->\n\t<div class=\"slideshowlink\" style=\"max-width: 640px;\">\n\t\t<a href='https:\/\/mapeadventures.ch\/index.php\/nggallery\/thumbnails?p=1767'>[Show picture list]<\/a>\n\t<\/div>\n\n<\/p>\n<p>Heute steht die EU auf unserem Programm. Erst sp\u00e4t machen wir uns auf den Weg zum EU-Parlamentsgeb\u00e4ude. Dort werden wir auf den Nachmittag vertr\u00f6stet, denn die n\u00e4chste F\u00fchrung durch das Geb\u00e4ude findet erst um drei statt. Wir bestaunen die gro\u00dfartigen Glasbauten von au\u00dfen und fragen uns da und dort, ob eine derart prunkvolle Bauweise angesichts der vielen zu l\u00f6senden Probleme gerechtfertigt ist. Darauf \u00a0holen wir uns im Informationszentrum, das in einem stehen gelassenen Geb\u00e4udeteil der ehemaligen Gare de Luxembourg Gastrecht genie\u00dft, verschiedene Informationsbrosch\u00fcren.<br \/>\nAnschlie\u00dfend besuchen wir nochmals die Grand\u2019Place und genie\u00dfen in der N\u00e4he der B\u00f6rse einen kleinen Imbiss. Danach begeben wir uns wieder zum EU-Parlament und bekommen dort prompt unsere Eintrittskarten. Punkt drei beginnt die F\u00fchrung.<br \/>\nWir werden mit einem Audio-Video-Guide ausger\u00fcstet und mit dem Lift in den 4. Stock geschickt. Da lassen wir uns \u00fcber die plastische Figur zum Thema Verbundenheit orientieren. Anschlie\u00dfend werden wir auf die Zuschauertrib\u00fcnen des EU-Parlaments gewiesen und \u00fcber die Arbeitsweise dieses Gremiums informiert. Und nachher ist die ganze F\u00fchrung bereits beendet. Wir verlassen das imposante Geb\u00e4ude entt\u00e4uscht. Da haben wir mehr Informationen und Einblicke erwartet.<br \/>\nDen Abend verbringen wir mit Fabian. In einem weiten Bogen, durch bisher noch nicht besuchte Viertel Br\u00fcssels f\u00fchrt er uns in die Altstadt, wo wir zusammen essen gehen. Dabei kommen wir auch \u00fcber die Grand\u2019Place, wo vor allem junge Leute zusammen am Boden sitzen und sich unterhalten. Auch nachts wirkt der Platz beeindruckend. Danach geht\u2019s noch auf ein Bier auf einem gro\u00dfen Platz mit hohen B\u00e4umen, vielen Leuten und Tischen im Freien. Es ist f\u00fcr einen gew\u00f6hnlichen Werktag sehr viel Betrieb. Als wir um Mitternacht herum heimkommen, stellt Margrit fest, dass wir den ganzen Tag 20 km zu Fu\u00df zur\u00fcckgelegt haben. So ist f\u00fcr einen tiefen Schlaf gesorgt.<\/p>\n<p>&nbsp;<\/p>\n<p><strong>Donnerstag, 18. Juni 2015:<\/strong> Heimreise<\/p>\n<p>Heute hei\u00dft es, Abschied nehmen, zuerst von Fabian, der nach dem Fr\u00fchst\u00fcck schon bald verreisen muss, um seiner Arbeit nachzugehen. Ihm danken wir f\u00fcr seine Gastfreundschaft, seine Tipps und seine Begleitung. Wir packen unsere Sachen zusammen und machen unsere Velos bereit. Den Weg zum Bahnhof Br\u00fcssel Midi finden wir problemlos und erreichen ihn und das entsprechende Perron schon 50 min vor der Abfahrt unseres Intercity nach Basel. Doch da erleben wir die erste \u00dcberraschung: Im bereitgestellten Zug gibt es im auf unserem Billet angegebenen Wagon keine Veloeinstellpl\u00e4tze. Der Zugbegleiter weist uns zu einem anderen Wagen, aber der existiert nicht. So entscheidet er dann, dass wir die Velos in den Wagen nehmen sollen, der auf den Velofahrkarten angegeben ist. Wir nehmen also unsere R\u00e4der in den Wagen und stellen sie zwischen die beiden Sitzb\u00e4nke. Alle nach uns einsteigenden Fahrg\u00e4ste m\u00fcssen sich nun daran vorbeizw\u00e4ngen, aber das scheint f\u00fcr sie ganz normal zu sein. Wir genie\u00dfen die Fahrt, die voraussichtlich rund 7 Stunden dauern wird.<br \/>\nWegen einer Baustelle verz\u00f6gert sich unsere Fahrt, und wir treffen mit einer Viertelstunde\u00a0Versp\u00e4tung in Luxemburg ein. Dort \u00fcbernimmt ein Kontrolleur der SNCF den Zug. Er wundert sich \u00fcber den Standort unserer Velos. Ich erkl\u00e4re ihm den Sachverhalt, und er gibt sich damit zufrieden. Kurz vor der Ankunft des Zugs in Stra\u00dfburg kommt er wieder vorbei und verlangt, dass wir unsere R\u00e4der in den mitgef\u00fchrten Wagen mit Radfahrabteil weiter vorne im Zug bringen sollen. Dort angekommen, laden wir unsere Velos aus und ich sto\u00dfe sie beide auf dem Perron nach vorne in den Velowagen, lade sie dort wieder ein, allerdings mit einiger M\u00fche, da der Ansturm gross ist. Eines der beiden R\u00e4der findet keinen Platz mehr im Abteil, so dass ich mit ihm im Vestib\u00fcl des Wagens stehen bleibe, bis wir in M\u00fclhausen eintreffen, wo sich der Zug ziemlich entleert, so dass jetzt gen\u00fcgend Platz vorhanden ist. Nun lasse ich Margrit mit dem ganzen Gep\u00e4ck nach vorne kommen. In Basel angekommen, k\u00f6nnen wir stressfrei aussteigen, die Fahrr\u00e4der bepacken, in den Schweizer Teil des Bahnhof wechseln und von dort mit Z\u00fcgen der SBb unsere Reise abschlie\u00dfen. Zwar etwas m\u00fcde, aber zufrieden erreichen wir unseren Wohnort und finden alles in gewohnter Ordnung vor.<\/p>\n","protected":false},"excerpt":{"rendered":"<p>Freitag, 5. Juni 2015: (Sempach-Neuenkirch) \u2013 Basel \u2013 Sasbach (82 Velo-km) [Show picture list] Erst nach dem werkt\u00e4glichen Morgenrush besteigen wir mit unseren vollbepackten Velos die S-Bahn nach Sursee und steigen da in den Interregiozug nach Basel. Mit den ungewohnt schweren Fahrr\u00e4dern schaffen wir\u2019s, durch den Stadtverkehr auf die rechte Rheinseite zu gelangen. Der erste<\/p>\n","protected":false},"author":1,"featured_media":0,"comment_status":"open","ping_status":"closed","sticky":false,"template":"","format":"standard","meta":{"ngg_post_thumbnail":0,"footnotes":"","_links_to":"","_links_to_target":""},"categories":[2,96],"tags":[],"class_list":["post-1767","post","type-post","status-publish","format-standard","hentry","category-rad-reisen","category-veloreise-nach-bruessel"],"_links":{"self":[{"href":"https:\/\/mapeadventures.ch\/index.php?rest_route=\/wp\/v2\/posts\/1767","targetHints":{"allow":["GET"]}}],"collection":[{"href":"https:\/\/mapeadventures.ch\/index.php?rest_route=\/wp\/v2\/posts"}],"about":[{"href":"https:\/\/mapeadventures.ch\/index.php?rest_route=\/wp\/v2\/types\/post"}],"author":[{"embeddable":true,"href":"https:\/\/mapeadventures.ch\/index.php?rest_route=\/wp\/v2\/users\/1"}],"replies":[{"embeddable":true,"href":"https:\/\/mapeadventures.ch\/index.php?rest_route=%2Fwp%2Fv2%2Fcomments&post=1767"}],"version-history":[{"count":5,"href":"https:\/\/mapeadventures.ch\/index.php?rest_route=\/wp\/v2\/posts\/1767\/revisions"}],"predecessor-version":[{"id":1985,"href":"https:\/\/mapeadventures.ch\/index.php?rest_route=\/wp\/v2\/posts\/1767\/revisions\/1985"}],"wp:attachment":[{"href":"https:\/\/mapeadventures.ch\/index.php?rest_route=%2Fwp%2Fv2%2Fmedia&parent=1767"}],"wp:term":[{"taxonomy":"category","embeddable":true,"href":"https:\/\/mapeadventures.ch\/index.php?rest_route=%2Fwp%2Fv2%2Fcategories&post=1767"},{"taxonomy":"post_tag","embeddable":true,"href":"https:\/\/mapeadventures.ch\/index.php?rest_route=%2Fwp%2Fv2%2Ftags&post=1767"}],"curies":[{"name":"wp","href":"https:\/\/api.w.org\/{rel}","templated":true}]}}